
{"id":20337,"date":"2018-05-15T14:58:10","date_gmt":"2018-05-15T14:58:10","guid":{"rendered":"https:\/\/www.lejournalduforkane.com\/?p=20337"},"modified":"2018-05-15T14:58:10","modified_gmt":"2018-05-15T14:58:10","slug":"cette-belle-vieille-dame-palestinienne-jette-des-pierres-sur-les-forces-israeliennes-pres-de-la-cloture-de-la-frontiere-a-gaza","status":"publish","type":"post","link":"https:\/\/www.lejournalduforkane.com\/index.php\/cette-belle-vieille-dame-palestinienne-jette-des-pierres-sur-les-forces-israeliennes-pres-de-la-cloture-de-la-frontiere-a-gaza\/","title":{"rendered":"Cette belle vieille Dame Palestinienne jette des pierres sur les forces isra\u00e9liennes pr\u00e8s de la cl\u00f4ture de la fronti\u00e8re \u00e0 Gaza"},"content":{"rendered":"<p><!--more--><br \/>\nCette belle vieille Dame Palestinienne jette des pierres sur les forces isra\u00e9liennes pr\u00e8s de la cl\u00f4ture de la fronti\u00e8re \u00e0 Gaza ; une soixante de manifestants palestiniens sont morts et 1693 bless\u00e9s jusqu&rsquo;\u00e0 pr\u00e9sent.<\/p>\n<p><iframe loading=\"lazy\" width=\"620\" height=\"405\" src=\"\/\/rutube.ru\/play\/embed\/11136641\" frameborder=\"0\" webkitAllowFullScreen mozallowfullscreen allowfullscreen><\/iframe><\/p>\n","protected":false},"excerpt":{"rendered":"Cette belle vieille Dame Palestinienne jette des pierres sur les forces isra\u00e9liennes pr\u00e8s de la cl\u00f4ture de la fronti\u00e8re \u00e0 Gaza ; une soixante de manifestants palestiniens sont morts et","protected":false},"author":2,"featured_media":0,"comment_status":"closed","ping_status":"open","sticky":false,"template":"","format":"standard","meta":[],"categories":[49],"tags":[],"_links":{"self":[{"href":"https:\/\/www.lejournalduforkane.com\/index.php\/wp-json\/wp\/v2\/posts\/20337"}],"collection":[{"href":"https:\/\/www.lejournalduforkane.com\/index.php\/wp-json\/wp\/v2\/posts"}],"about":[{"href":"https:\/\/www.lejournalduforkane.com\/index.php\/wp-json\/wp\/v2\/types\/post"}],"author":[{"embeddable":true,"href":"https:\/\/www.lejournalduforkane.com\/index.php\/wp-json\/wp\/v2\/users\/2"}],"replies":[{"embeddable":true,"href":"https:\/\/www.lejournalduforkane.com\/index.php\/wp-json\/wp\/v2\/comments?post=20337"}],"version-history":[{"count":1,"href":"https:\/\/www.lejournalduforkane.com\/index.php\/wp-json\/wp\/v2\/posts\/20337\/revisions"}],"predecessor-version":[{"id":20339,"href":"https:\/\/www.lejournalduforkane.com\/index.php\/wp-json\/wp\/v2\/posts\/20337\/revisions\/20339"}],"wp:attachment":[{"href":"https:\/\/www.lejournalduforkane.com\/index.php\/wp-json\/wp\/v2\/media?parent=20337"}],"wp:term":[{"taxonomy":"category","embeddable":true,"href":"https:\/\/www.lejournalduforkane.com\/index.php\/wp-json\/wp\/v2\/categories?post=20337"},{"taxonomy":"post_tag","embeddable":true,"href":"https:\/\/www.lejournalduforkane.com\/index.php\/wp-json\/wp\/v2\/tags?post=20337"}],"curies":[{"name":"wp","href":"https:\/\/api.w.org\/{rel}","templated":true}]}}