
{"id":20351,"date":"2018-05-16T14:52:26","date_gmt":"2018-05-16T14:52:26","guid":{"rendered":"https:\/\/www.lejournalduforkane.com\/?p=20351"},"modified":"2018-05-16T14:52:26","modified_gmt":"2018-05-16T14:52:26","slug":"incroyable-mais-vrai-regardez-qui-la-mairie-du-5eme-arrondissement-de-paris-a-accueillie-le-13-mai-dernier","status":"publish","type":"post","link":"https:\/\/www.lejournalduforkane.com\/index.php\/incroyable-mais-vrai-regardez-qui-la-mairie-du-5eme-arrondissement-de-paris-a-accueillie-le-13-mai-dernier\/","title":{"rendered":"INCROYABLE MAIS VRAI : Regardez qui la mairie du 5\u00e8me arrondissement de Paris a accueillie le 13 mai dernier"},"content":{"rendered":"<p><!--more--><\/p>\n<p style=\"text-align: justify;\">INCROYABLE MAIS VRAI : Regardez qui la mairie du 5\u00e8me arrondissement de Paris a accueillie le 13 mai dernier<\/p>\n<p style=\"text-align: justify;\">Elle a accueillie une conf\u00e9rence de Jacques Kupfer sur \u00ab\u00a0l&rsquo;engagement sioniste\u00a0\u00bb.<\/p>\n<p style=\"text-align: justify;\">Rappelons que ce personnage qualifie les Palestiniens de \u00ab\u00a0mal\u00e9diction\u00a0\u00bb, traite les Arabes de \u00ab\u00a0sauvages\u00a0\u00bb, compare l&rsquo;Islam au nazisme, appelle \u00e0 massacrer des civils et \u00e0 raser des quartiers et des villages entiers. Voici une s\u00e9quence vid\u00e9o de Jacques Kupfer, datant du 24 novembre 2015 \u00e0 J\u00e9rusalem.<\/p>\n<p><iframe loading=\"lazy\" width=\"620\" height=\"405\" src=\"\/\/rutube.ru\/play\/embed\/11138347\" frameborder=\"0\" webkitAllowFullScreen mozallowfullscreen allowfullscreen><\/iframe><\/p>\n","protected":false},"excerpt":{"rendered":"INCROYABLE MAIS VRAI : Regardez qui la mairie du 5\u00e8me arrondissement de Paris a accueillie le 13 mai dernier Elle a accueillie une conf\u00e9rence de Jacques Kupfer sur \"l'engagement sioniste\".","protected":false},"author":2,"featured_media":0,"comment_status":"closed","ping_status":"open","sticky":false,"template":"","format":"standard","meta":[],"categories":[49],"tags":[],"_links":{"self":[{"href":"https:\/\/www.lejournalduforkane.com\/index.php\/wp-json\/wp\/v2\/posts\/20351"}],"collection":[{"href":"https:\/\/www.lejournalduforkane.com\/index.php\/wp-json\/wp\/v2\/posts"}],"about":[{"href":"https:\/\/www.lejournalduforkane.com\/index.php\/wp-json\/wp\/v2\/types\/post"}],"author":[{"embeddable":true,"href":"https:\/\/www.lejournalduforkane.com\/index.php\/wp-json\/wp\/v2\/users\/2"}],"replies":[{"embeddable":true,"href":"https:\/\/www.lejournalduforkane.com\/index.php\/wp-json\/wp\/v2\/comments?post=20351"}],"version-history":[{"count":1,"href":"https:\/\/www.lejournalduforkane.com\/index.php\/wp-json\/wp\/v2\/posts\/20351\/revisions"}],"predecessor-version":[{"id":20353,"href":"https:\/\/www.lejournalduforkane.com\/index.php\/wp-json\/wp\/v2\/posts\/20351\/revisions\/20353"}],"wp:attachment":[{"href":"https:\/\/www.lejournalduforkane.com\/index.php\/wp-json\/wp\/v2\/media?parent=20351"}],"wp:term":[{"taxonomy":"category","embeddable":true,"href":"https:\/\/www.lejournalduforkane.com\/index.php\/wp-json\/wp\/v2\/categories?post=20351"},{"taxonomy":"post_tag","embeddable":true,"href":"https:\/\/www.lejournalduforkane.com\/index.php\/wp-json\/wp\/v2\/tags?post=20351"}],"curies":[{"name":"wp","href":"https:\/\/api.w.org\/{rel}","templated":true}]}}