
{"id":20360,"date":"2018-05-16T15:11:11","date_gmt":"2018-05-16T15:11:11","guid":{"rendered":"https:\/\/www.lejournalduforkane.com\/?p=20360"},"modified":"2018-05-16T15:11:11","modified_gmt":"2018-05-16T15:11:11","slug":"les-londoniens-se-rassemblent-devant-le-gouvernement-britannique-pour-protester-contre-le-soutien-de-la-grande-bretagne-a-larmee-israelienne","status":"publish","type":"post","link":"https:\/\/www.lejournalduforkane.com\/index.php\/les-londoniens-se-rassemblent-devant-le-gouvernement-britannique-pour-protester-contre-le-soutien-de-la-grande-bretagne-a-larmee-israelienne\/","title":{"rendered":"Les Londoniens se rassemblent devant le gouvernement britannique pour protester contre le soutien de la grande-Bretagne \u00e0 l&rsquo;arm\u00e9e isra\u00e9lienne"},"content":{"rendered":"<p><!--more--><br \/>\n<iframe loading=\"lazy\" width=\"620\" height=\"405\" src=\"\/\/rutube.ru\/play\/embed\/11138378\" frameborder=\"0\" webkitAllowFullScreen mozallowfullscreen allowfullscreen><\/iframe><\/p>\n","protected":false},"excerpt":{"rendered":"","protected":false},"author":2,"featured_media":0,"comment_status":"closed","ping_status":"open","sticky":false,"template":"","format":"standard","meta":[],"categories":[49],"tags":[],"_links":{"self":[{"href":"https:\/\/www.lejournalduforkane.com\/index.php\/wp-json\/wp\/v2\/posts\/20360"}],"collection":[{"href":"https:\/\/www.lejournalduforkane.com\/index.php\/wp-json\/wp\/v2\/posts"}],"about":[{"href":"https:\/\/www.lejournalduforkane.com\/index.php\/wp-json\/wp\/v2\/types\/post"}],"author":[{"embeddable":true,"href":"https:\/\/www.lejournalduforkane.com\/index.php\/wp-json\/wp\/v2\/users\/2"}],"replies":[{"embeddable":true,"href":"https:\/\/www.lejournalduforkane.com\/index.php\/wp-json\/wp\/v2\/comments?post=20360"}],"version-history":[{"count":1,"href":"https:\/\/www.lejournalduforkane.com\/index.php\/wp-json\/wp\/v2\/posts\/20360\/revisions"}],"predecessor-version":[{"id":20362,"href":"https:\/\/www.lejournalduforkane.com\/index.php\/wp-json\/wp\/v2\/posts\/20360\/revisions\/20362"}],"wp:attachment":[{"href":"https:\/\/www.lejournalduforkane.com\/index.php\/wp-json\/wp\/v2\/media?parent=20360"}],"wp:term":[{"taxonomy":"category","embeddable":true,"href":"https:\/\/www.lejournalduforkane.com\/index.php\/wp-json\/wp\/v2\/categories?post=20360"},{"taxonomy":"post_tag","embeddable":true,"href":"https:\/\/www.lejournalduforkane.com\/index.php\/wp-json\/wp\/v2\/tags?post=20360"}],"curies":[{"name":"wp","href":"https:\/\/api.w.org\/{rel}","templated":true}]}}