
{"id":20393,"date":"2018-05-18T16:11:18","date_gmt":"2018-05-18T16:11:18","guid":{"rendered":"https:\/\/www.lejournalduforkane.com\/?p=20393"},"modified":"2018-05-18T16:11:18","modified_gmt":"2018-05-18T16:11:18","slug":"video-de-laccueil-du-president-russe-vladimir-poutine-au-president-syrien-bachar-el-assad-a-sotchi-hier","status":"publish","type":"post","link":"https:\/\/www.lejournalduforkane.com\/index.php\/video-de-laccueil-du-president-russe-vladimir-poutine-au-president-syrien-bachar-el-assad-a-sotchi-hier\/","title":{"rendered":"Vid\u00e9o&#8230; de l&rsquo;accueil du pr\u00e9sident russe Vladimir Poutine au pr\u00e9sident syrien Bachar el-Assad \u00e0 sotchi hier."},"content":{"rendered":"<p><!--more--><br \/>\n<iframe loading=\"lazy\" src=\"\/\/rutube.ru\/play\/embed\/11142391\" width=\"620\" height=\"405\" frameborder=\"0\" allowfullscreen=\"allowfullscreen\"><\/iframe><\/p>\n<p><img loading=\"lazy\" class=\"alignnone size-medium wp-image-20394\" src=\"https:\/\/www.lejournalduforkane.com\/wp-content\/uploads\/2018\/05\/Vid\u00e9o...-de-laccueil-du-pr\u00e9sident-russe-Vladimir-Poutine-au-pr\u00e9sident-syrien-Bachar-el-Assad-\u00e0-sotchi-hier.3-300x185.jpg\" alt=\"Vid\u00e9o... de l'accueil du pr\u00e9sident russe Vladimir Poutine au pr\u00e9sident syrien Bachar el-Assad \u00e0 sotchi hier.3\" width=\"300\" height=\"185\" srcset=\"https:\/\/www.lejournalduforkane.com\/wp-content\/uploads\/2018\/05\/Vid\u00e9o...-de-laccueil-du-pr\u00e9sident-russe-Vladimir-Poutine-au-pr\u00e9sident-syrien-Bachar-el-Assad-\u00e0-sotchi-hier.3-300x185.jpg 300w, https:\/\/www.lejournalduforkane.com\/wp-content\/uploads\/2018\/05\/Vid\u00e9o...-de-laccueil-du-pr\u00e9sident-russe-Vladimir-Poutine-au-pr\u00e9sident-syrien-Bachar-el-Assad-\u00e0-sotchi-hier.3-768x474.jpg 768w, https:\/\/www.lejournalduforkane.com\/wp-content\/uploads\/2018\/05\/Vid\u00e9o...-de-laccueil-du-pr\u00e9sident-russe-Vladimir-Poutine-au-pr\u00e9sident-syrien-Bachar-el-Assad-\u00e0-sotchi-hier.3.jpg 940w\" sizes=\"(max-width: 300px) 100vw, 300px\" \/><\/p>\n<p><img loading=\"lazy\" class=\"alignnone size-medium wp-image-20395\" src=\"https:\/\/www.lejournalduforkane.com\/wp-content\/uploads\/2018\/05\/Vid\u00e9o...-de-laccueil-du-pr\u00e9sident-russe-Vladimir-Poutine-au-pr\u00e9sident-syrien-Bachar-el-Assad-\u00e0-sotchi-hier.2-300x185.jpg\" alt=\"Vid\u00e9o... de l'accueil du pr\u00e9sident russe Vladimir Poutine au pr\u00e9sident syrien Bachar el-Assad \u00e0 sotchi hier.2\" width=\"300\" height=\"185\" srcset=\"https:\/\/www.lejournalduforkane.com\/wp-content\/uploads\/2018\/05\/Vid\u00e9o...-de-laccueil-du-pr\u00e9sident-russe-Vladimir-Poutine-au-pr\u00e9sident-syrien-Bachar-el-Assad-\u00e0-sotchi-hier.2-300x185.jpg 300w, https:\/\/www.lejournalduforkane.com\/wp-content\/uploads\/2018\/05\/Vid\u00e9o...-de-laccueil-du-pr\u00e9sident-russe-Vladimir-Poutine-au-pr\u00e9sident-syrien-Bachar-el-Assad-\u00e0-sotchi-hier.2-768x474.jpg 768w, https:\/\/www.lejournalduforkane.com\/wp-content\/uploads\/2018\/05\/Vid\u00e9o...-de-laccueil-du-pr\u00e9sident-russe-Vladimir-Poutine-au-pr\u00e9sident-syrien-Bachar-el-Assad-\u00e0-sotchi-hier.2.jpg 940w\" sizes=\"(max-width: 300px) 100vw, 300px\" \/><\/p>\n<p><img loading=\"lazy\" class=\"alignnone size-medium wp-image-20396\" src=\"https:\/\/www.lejournalduforkane.com\/wp-content\/uploads\/2018\/05\/Vid\u00e9o...-de-laccueil-du-pr\u00e9sident-russe-Vladimir-Poutine-au-pr\u00e9sident-syrien-Bachar-el-Assad-\u00e0-sotchi-hier.1-300x202.jpg\" alt=\"Vid\u00e9o... de l'accueil du pr\u00e9sident russe Vladimir Poutine au pr\u00e9sident syrien Bachar el-Assad \u00e0 sotchi hier.1\" width=\"300\" height=\"202\" srcset=\"https:\/\/www.lejournalduforkane.com\/wp-content\/uploads\/2018\/05\/Vid\u00e9o...-de-laccueil-du-pr\u00e9sident-russe-Vladimir-Poutine-au-pr\u00e9sident-syrien-Bachar-el-Assad-\u00e0-sotchi-hier.1-300x202.jpg 300w, https:\/\/www.lejournalduforkane.com\/wp-content\/uploads\/2018\/05\/Vid\u00e9o...-de-laccueil-du-pr\u00e9sident-russe-Vladimir-Poutine-au-pr\u00e9sident-syrien-Bachar-el-Assad-\u00e0-sotchi-hier.1-768x516.jpg 768w, https:\/\/www.lejournalduforkane.com\/wp-content\/uploads\/2018\/05\/Vid\u00e9o...-de-laccueil-du-pr\u00e9sident-russe-Vladimir-Poutine-au-pr\u00e9sident-syrien-Bachar-el-Assad-\u00e0-sotchi-hier.1.jpg 960w\" sizes=\"(max-width: 300px) 100vw, 300px\" \/><\/p>\n","protected":false},"excerpt":{"rendered":"","protected":false},"author":2,"featured_media":0,"comment_status":"closed","ping_status":"open","sticky":false,"template":"","format":"standard","meta":[],"categories":[49],"tags":[],"_links":{"self":[{"href":"https:\/\/www.lejournalduforkane.com\/index.php\/wp-json\/wp\/v2\/posts\/20393"}],"collection":[{"href":"https:\/\/www.lejournalduforkane.com\/index.php\/wp-json\/wp\/v2\/posts"}],"about":[{"href":"https:\/\/www.lejournalduforkane.com\/index.php\/wp-json\/wp\/v2\/types\/post"}],"author":[{"embeddable":true,"href":"https:\/\/www.lejournalduforkane.com\/index.php\/wp-json\/wp\/v2\/users\/2"}],"replies":[{"embeddable":true,"href":"https:\/\/www.lejournalduforkane.com\/index.php\/wp-json\/wp\/v2\/comments?post=20393"}],"version-history":[{"count":1,"href":"https:\/\/www.lejournalduforkane.com\/index.php\/wp-json\/wp\/v2\/posts\/20393\/revisions"}],"predecessor-version":[{"id":20397,"href":"https:\/\/www.lejournalduforkane.com\/index.php\/wp-json\/wp\/v2\/posts\/20393\/revisions\/20397"}],"wp:attachment":[{"href":"https:\/\/www.lejournalduforkane.com\/index.php\/wp-json\/wp\/v2\/media?parent=20393"}],"wp:term":[{"taxonomy":"category","embeddable":true,"href":"https:\/\/www.lejournalduforkane.com\/index.php\/wp-json\/wp\/v2\/categories?post=20393"},{"taxonomy":"post_tag","embeddable":true,"href":"https:\/\/www.lejournalduforkane.com\/index.php\/wp-json\/wp\/v2\/tags?post=20393"}],"curies":[{"name":"wp","href":"https:\/\/api.w.org\/{rel}","templated":true}]}}