
{"id":20426,"date":"2018-05-20T15:14:54","date_gmt":"2018-05-20T15:14:54","guid":{"rendered":"https:\/\/www.lejournalduforkane.com\/?p=20426"},"modified":"2018-05-20T15:14:54","modified_gmt":"2018-05-20T15:14:54","slug":"raoul-hedebouw-denonce-lhypocrisie-de-leurope-et-de-la-belgique-il-est-temps-dexpulser-lambassadrice-disrael","status":"publish","type":"post","link":"https:\/\/www.lejournalduforkane.com\/index.php\/raoul-hedebouw-denonce-lhypocrisie-de-leurope-et-de-la-belgique-il-est-temps-dexpulser-lambassadrice-disrael\/","title":{"rendered":"Raoul Hedebouw d\u00e9nonce l&rsquo;hypocrisie de l&rsquo;Europe et de la Belgique : \u00ab Il est temps d&rsquo;expulser l&rsquo;ambassadrice d&rsquo;Isra\u00ebl \u00bb"},"content":{"rendered":"<p><!--more--><br \/>\n\u00ab Il est temps d&rsquo;expulser l&rsquo;ambassadrice d&rsquo;Isra\u00ebl \u00bb<\/p>\n<p>Apr\u00e8s le massacre de Gaza, Raoul Hedebouw d\u00e9nonce l&rsquo;hypocrisie de l&rsquo;Europe et de la Belgique : \u00ab Ici, dans notre propre pays, l&rsquo;ambassadrice isra\u00e9lienne a tax\u00e9 de terroristes tous ceux qui ont \u00e9t\u00e9 tu\u00e9s \u00e0 Gaza, en ce compris les enfants et les b\u00e9b\u00e9s. Le PTB estime qu&rsquo;il est temps d&rsquo;expulser cette ambassadrice pour de tels propos. \u00bb<\/p>\n<p>Bravo \u00e0 ce d\u00e9put\u00e9 belge !<br \/>\n<iframe loading=\"lazy\" src=\"https:\/\/www.youtube.com\/embed\/4dHyw1_A6HI\" width=\"560\" height=\"315\" frameborder=\"0\" allowfullscreen=\"allowfullscreen\"><\/iframe><\/p>\n","protected":false},"excerpt":{"rendered":"\u00ab Il est temps d'expulser l'ambassadrice d'Isra\u00ebl \u00bb Apr\u00e8s le massacre de Gaza, Raoul Hedebouw d\u00e9nonce l'hypocrisie de l'Europe et de la Belgique : \u00ab Ici, dans notre propre pays,","protected":false},"author":2,"featured_media":0,"comment_status":"closed","ping_status":"open","sticky":false,"template":"","format":"standard","meta":[],"categories":[49],"tags":[],"_links":{"self":[{"href":"https:\/\/www.lejournalduforkane.com\/index.php\/wp-json\/wp\/v2\/posts\/20426"}],"collection":[{"href":"https:\/\/www.lejournalduforkane.com\/index.php\/wp-json\/wp\/v2\/posts"}],"about":[{"href":"https:\/\/www.lejournalduforkane.com\/index.php\/wp-json\/wp\/v2\/types\/post"}],"author":[{"embeddable":true,"href":"https:\/\/www.lejournalduforkane.com\/index.php\/wp-json\/wp\/v2\/users\/2"}],"replies":[{"embeddable":true,"href":"https:\/\/www.lejournalduforkane.com\/index.php\/wp-json\/wp\/v2\/comments?post=20426"}],"version-history":[{"count":1,"href":"https:\/\/www.lejournalduforkane.com\/index.php\/wp-json\/wp\/v2\/posts\/20426\/revisions"}],"predecessor-version":[{"id":20428,"href":"https:\/\/www.lejournalduforkane.com\/index.php\/wp-json\/wp\/v2\/posts\/20426\/revisions\/20428"}],"wp:attachment":[{"href":"https:\/\/www.lejournalduforkane.com\/index.php\/wp-json\/wp\/v2\/media?parent=20426"}],"wp:term":[{"taxonomy":"category","embeddable":true,"href":"https:\/\/www.lejournalduforkane.com\/index.php\/wp-json\/wp\/v2\/categories?post=20426"},{"taxonomy":"post_tag","embeddable":true,"href":"https:\/\/www.lejournalduforkane.com\/index.php\/wp-json\/wp\/v2\/tags?post=20426"}],"curies":[{"name":"wp","href":"https:\/\/api.w.org\/{rel}","templated":true}]}}