
{"id":20429,"date":"2018-05-20T15:16:20","date_gmt":"2018-05-20T15:16:20","guid":{"rendered":"https:\/\/www.lejournalduforkane.com\/?p=20429"},"modified":"2018-05-20T18:27:29","modified_gmt":"2018-05-20T18:27:29","slug":"des-milliers-de-manifestants-marchent-a-melbourne-en-australie-en-soutien-a-la-palestine-et-a-la-bande-de-gaza","status":"publish","type":"post","link":"https:\/\/www.lejournalduforkane.com\/index.php\/des-milliers-de-manifestants-marchent-a-melbourne-en-australie-en-soutien-a-la-palestine-et-a-la-bande-de-gaza\/","title":{"rendered":"Des milliers de manifestants marchent \u00e0 Melbourne, en Australie, en soutien \u00e0 la Palestine et \u00e0 la bande de Gaza, hier."},"content":{"rendered":"<p><!--more--><br \/>\n<iframe loading=\"lazy\" src=\"\/\/rutube.ru\/play\/embed\/11146087\" width=\"620\" height=\"405\" frameborder=\"0\" allowfullscreen=\"allowfullscreen\"><\/iframe><\/p>\n","protected":false},"excerpt":{"rendered":"","protected":false},"author":2,"featured_media":20433,"comment_status":"closed","ping_status":"open","sticky":false,"template":"","format":"standard","meta":[],"categories":[49],"tags":[],"_links":{"self":[{"href":"https:\/\/www.lejournalduforkane.com\/index.php\/wp-json\/wp\/v2\/posts\/20429"}],"collection":[{"href":"https:\/\/www.lejournalduforkane.com\/index.php\/wp-json\/wp\/v2\/posts"}],"about":[{"href":"https:\/\/www.lejournalduforkane.com\/index.php\/wp-json\/wp\/v2\/types\/post"}],"author":[{"embeddable":true,"href":"https:\/\/www.lejournalduforkane.com\/index.php\/wp-json\/wp\/v2\/users\/2"}],"replies":[{"embeddable":true,"href":"https:\/\/www.lejournalduforkane.com\/index.php\/wp-json\/wp\/v2\/comments?post=20429"}],"version-history":[{"count":2,"href":"https:\/\/www.lejournalduforkane.com\/index.php\/wp-json\/wp\/v2\/posts\/20429\/revisions"}],"predecessor-version":[{"id":20432,"href":"https:\/\/www.lejournalduforkane.com\/index.php\/wp-json\/wp\/v2\/posts\/20429\/revisions\/20432"}],"wp:featuredmedia":[{"embeddable":true,"href":"https:\/\/www.lejournalduforkane.com\/index.php\/wp-json\/wp\/v2\/media\/20433"}],"wp:attachment":[{"href":"https:\/\/www.lejournalduforkane.com\/index.php\/wp-json\/wp\/v2\/media?parent=20429"}],"wp:term":[{"taxonomy":"category","embeddable":true,"href":"https:\/\/www.lejournalduforkane.com\/index.php\/wp-json\/wp\/v2\/categories?post=20429"},{"taxonomy":"post_tag","embeddable":true,"href":"https:\/\/www.lejournalduforkane.com\/index.php\/wp-json\/wp\/v2\/tags?post=20429"}],"curies":[{"name":"wp","href":"https:\/\/api.w.org\/{rel}","templated":true}]}}