
{"id":20438,"date":"2018-05-21T15:54:14","date_gmt":"2018-05-21T15:54:14","guid":{"rendered":"https:\/\/www.lejournalduforkane.com\/?p=20438"},"modified":"2018-05-21T16:06:11","modified_gmt":"2018-05-21T16:06:11","slug":"larabie-saoudite-continue-de-massacrer-le-peuple-yemenite-pendant-le-mois-beni-de-ramadhan","status":"publish","type":"post","link":"https:\/\/www.lejournalduforkane.com\/index.php\/larabie-saoudite-continue-de-massacrer-le-peuple-yemenite-pendant-le-mois-beni-de-ramadhan\/","title":{"rendered":"L\u2019Arabie Saoudite continue de massacrer le peuple y\u00e9m\u00e9nite pendant le mois b\u00e9ni de Ramadhan"},"content":{"rendered":"<p style=\"text-align: justify;\"><!--more--><\/p>\n<p style=\"text-align: justify;\">L\u2019Arabie Saoudite continuent de massacrer le peuple y\u00e9m\u00e9nite pendant le mois b\u00e9ni de Ramadhan<\/p>\n<p style=\"text-align: justify;\">Une vid\u00e9o d\u00e9chirante d&rsquo;une jeune fille bless\u00e9e sous les d\u00e9combres demandant qu\u2019on lui sauve la vie et de l\u2019eau \u00e0 boire, elle ressent la douleur et la soif La Coalition dirig\u00e9e par l&rsquo;Arabie Saoudite a cibl\u00e9 sa maison et a tu\u00e9 6 membres de sa famille hier soir \u00e0 Al Azraqaen<\/p>\n<p style=\"text-align: justify;\">CETTE COALITION ARABE MOTIV\u00c9E ET PR\u00caTE A EN D\u00c9COUDRE, ASSASSINE ET BOMBARDE UN PEUPLE SANS D\u00c9FENSE ET POURTANT B\u00c9NI PAR LE PROPH\u00c8TE (P), ALORS QU\u2019IL (P) A MAUDIT LES SAOUDIENS ET LEUR ID\u00c9OLOGIE SALAFISTE WAHHABITES VENUS DU NAJD.<\/p>\n<p><iframe loading=\"lazy\" width=\"620\" height=\"405\" src=\"\/\/rutube.ru\/play\/embed\/11147902\" frameborder=\"0\" webkitAllowFullScreen mozallowfullscreen allowfullscreen><\/iframe><\/p>\n","protected":false},"excerpt":{"rendered":"L\u2019Arabie Saoudite continuent de massacrer le peuple y\u00e9m\u00e9nite pendant le mois b\u00e9ni de Ramadhan Une vid\u00e9o d\u00e9chirante d'une jeune fille bless\u00e9e sous les d\u00e9combres demandant qu\u2019on lui sauve la vie","protected":false},"author":2,"featured_media":0,"comment_status":"closed","ping_status":"open","sticky":false,"template":"","format":"standard","meta":[],"categories":[49],"tags":[],"_links":{"self":[{"href":"https:\/\/www.lejournalduforkane.com\/index.php\/wp-json\/wp\/v2\/posts\/20438"}],"collection":[{"href":"https:\/\/www.lejournalduforkane.com\/index.php\/wp-json\/wp\/v2\/posts"}],"about":[{"href":"https:\/\/www.lejournalduforkane.com\/index.php\/wp-json\/wp\/v2\/types\/post"}],"author":[{"embeddable":true,"href":"https:\/\/www.lejournalduforkane.com\/index.php\/wp-json\/wp\/v2\/users\/2"}],"replies":[{"embeddable":true,"href":"https:\/\/www.lejournalduforkane.com\/index.php\/wp-json\/wp\/v2\/comments?post=20438"}],"version-history":[{"count":2,"href":"https:\/\/www.lejournalduforkane.com\/index.php\/wp-json\/wp\/v2\/posts\/20438\/revisions"}],"predecessor-version":[{"id":20453,"href":"https:\/\/www.lejournalduforkane.com\/index.php\/wp-json\/wp\/v2\/posts\/20438\/revisions\/20453"}],"wp:attachment":[{"href":"https:\/\/www.lejournalduforkane.com\/index.php\/wp-json\/wp\/v2\/media?parent=20438"}],"wp:term":[{"taxonomy":"category","embeddable":true,"href":"https:\/\/www.lejournalduforkane.com\/index.php\/wp-json\/wp\/v2\/categories?post=20438"},{"taxonomy":"post_tag","embeddable":true,"href":"https:\/\/www.lejournalduforkane.com\/index.php\/wp-json\/wp\/v2\/tags?post=20438"}],"curies":[{"name":"wp","href":"https:\/\/api.w.org\/{rel}","templated":true}]}}