
{"id":20441,"date":"2018-05-21T15:57:31","date_gmt":"2018-05-21T15:57:31","guid":{"rendered":"https:\/\/www.lejournalduforkane.com\/?p=20441"},"modified":"2018-05-21T15:57:31","modified_gmt":"2018-05-21T15:57:31","slug":"les-fans-du-celtic-glascow-ont-leur-facon-de-montrer-leur-solidarite-et-leur-soutien-a-la-70-eme-minute-de-match-marquant-la-70eme-nakba-et-condamnant-le-genocide-disrael-a-gaza","status":"publish","type":"post","link":"https:\/\/www.lejournalduforkane.com\/index.php\/les-fans-du-celtic-glascow-ont-leur-facon-de-montrer-leur-solidarite-et-leur-soutien-a-la-70-eme-minute-de-match-marquant-la-70eme-nakba-et-condamnant-le-genocide-disrael-a-gaza\/","title":{"rendered":"Les fans du Celtic Glascow ont leur fa\u00e7on de montrer leur solidarit\u00e9 et leur soutien \u00e0 la 70 \u00e8me minute de match marquant la 70\u00e8me Nakba et condamnant le g\u00e9nocide d\u2019Isra\u00ebl \u00e0 Gaza"},"content":{"rendered":"<p><!--more--><\/p>\n<p>Les fans du Celtic Glascow ont leur fa\u00e7on de montrer leur solidarit\u00e9 et leur soutien \u00e0 la 70 \u00e8me minute de match marquant la 70\u00e8me Nakba et condamnant le g\u00e9nocide d\u2019Isra\u00ebl \u00e0 Gaza.<\/p>\n<p>Beaucoup de respect pour le long soutien du club des fans Celtic.<\/p>\n<p><iframe loading=\"lazy\" width=\"620\" height=\"405\" src=\"\/\/rutube.ru\/play\/embed\/11147914\" frameborder=\"0\" webkitAllowFullScreen mozallowfullscreen allowfullscreen><\/iframe><\/p>\n","protected":false},"excerpt":{"rendered":"Les fans du Celtic Glascow ont leur fa\u00e7on de montrer leur solidarit\u00e9 et leur soutien \u00e0 la 70 \u00e8me minute de match marquant la 70\u00e8me Nakba et condamnant le g\u00e9nocide","protected":false},"author":2,"featured_media":0,"comment_status":"closed","ping_status":"open","sticky":false,"template":"","format":"standard","meta":[],"categories":[49],"tags":[],"_links":{"self":[{"href":"https:\/\/www.lejournalduforkane.com\/index.php\/wp-json\/wp\/v2\/posts\/20441"}],"collection":[{"href":"https:\/\/www.lejournalduforkane.com\/index.php\/wp-json\/wp\/v2\/posts"}],"about":[{"href":"https:\/\/www.lejournalduforkane.com\/index.php\/wp-json\/wp\/v2\/types\/post"}],"author":[{"embeddable":true,"href":"https:\/\/www.lejournalduforkane.com\/index.php\/wp-json\/wp\/v2\/users\/2"}],"replies":[{"embeddable":true,"href":"https:\/\/www.lejournalduforkane.com\/index.php\/wp-json\/wp\/v2\/comments?post=20441"}],"version-history":[{"count":1,"href":"https:\/\/www.lejournalduforkane.com\/index.php\/wp-json\/wp\/v2\/posts\/20441\/revisions"}],"predecessor-version":[{"id":20443,"href":"https:\/\/www.lejournalduforkane.com\/index.php\/wp-json\/wp\/v2\/posts\/20441\/revisions\/20443"}],"wp:attachment":[{"href":"https:\/\/www.lejournalduforkane.com\/index.php\/wp-json\/wp\/v2\/media?parent=20441"}],"wp:term":[{"taxonomy":"category","embeddable":true,"href":"https:\/\/www.lejournalduforkane.com\/index.php\/wp-json\/wp\/v2\/categories?post=20441"},{"taxonomy":"post_tag","embeddable":true,"href":"https:\/\/www.lejournalduforkane.com\/index.php\/wp-json\/wp\/v2\/tags?post=20441"}],"curies":[{"name":"wp","href":"https:\/\/api.w.org\/{rel}","templated":true}]}}