
{"id":20447,"date":"2018-05-21T16:01:36","date_gmt":"2018-05-21T16:01:36","guid":{"rendered":"https:\/\/www.lejournalduforkane.com\/?p=20447"},"modified":"2018-05-21T16:01:36","modified_gmt":"2018-05-21T16:01:36","slug":"cest-ainsi-que-les-marocains-ont-soutenu-le-peuple-palestinien-a-la-suite-du-massacre-israelien-a-gaza-le-14-mai","status":"publish","type":"post","link":"https:\/\/www.lejournalduforkane.com\/index.php\/cest-ainsi-que-les-marocains-ont-soutenu-le-peuple-palestinien-a-la-suite-du-massacre-israelien-a-gaza-le-14-mai\/","title":{"rendered":"C&rsquo;est ainsi que les marocains ont soutenu le peuple palestinien \u00e0 la suite du massacre isra\u00e9lien \u00e0 Gaza le 14 Mai"},"content":{"rendered":"<p><!--more--><\/p>\n<p><iframe loading=\"lazy\" width=\"620\" height=\"405\" src=\"\/\/rutube.ru\/play\/embed\/11147923\" frameborder=\"0\" webkitAllowFullScreen mozallowfullscreen allowfullscreen><\/iframe><\/p>\n","protected":false},"excerpt":{"rendered":"","protected":false},"author":2,"featured_media":0,"comment_status":"closed","ping_status":"open","sticky":false,"template":"","format":"standard","meta":[],"categories":[49],"tags":[],"_links":{"self":[{"href":"https:\/\/www.lejournalduforkane.com\/index.php\/wp-json\/wp\/v2\/posts\/20447"}],"collection":[{"href":"https:\/\/www.lejournalduforkane.com\/index.php\/wp-json\/wp\/v2\/posts"}],"about":[{"href":"https:\/\/www.lejournalduforkane.com\/index.php\/wp-json\/wp\/v2\/types\/post"}],"author":[{"embeddable":true,"href":"https:\/\/www.lejournalduforkane.com\/index.php\/wp-json\/wp\/v2\/users\/2"}],"replies":[{"embeddable":true,"href":"https:\/\/www.lejournalduforkane.com\/index.php\/wp-json\/wp\/v2\/comments?post=20447"}],"version-history":[{"count":1,"href":"https:\/\/www.lejournalduforkane.com\/index.php\/wp-json\/wp\/v2\/posts\/20447\/revisions"}],"predecessor-version":[{"id":20449,"href":"https:\/\/www.lejournalduforkane.com\/index.php\/wp-json\/wp\/v2\/posts\/20447\/revisions\/20449"}],"wp:attachment":[{"href":"https:\/\/www.lejournalduforkane.com\/index.php\/wp-json\/wp\/v2\/media?parent=20447"}],"wp:term":[{"taxonomy":"category","embeddable":true,"href":"https:\/\/www.lejournalduforkane.com\/index.php\/wp-json\/wp\/v2\/categories?post=20447"},{"taxonomy":"post_tag","embeddable":true,"href":"https:\/\/www.lejournalduforkane.com\/index.php\/wp-json\/wp\/v2\/tags?post=20447"}],"curies":[{"name":"wp","href":"https:\/\/api.w.org\/{rel}","templated":true}]}}