
{"id":20457,"date":"2018-05-22T10:48:25","date_gmt":"2018-05-22T10:48:25","guid":{"rendered":"https:\/\/www.lejournalduforkane.com\/?p=20457"},"modified":"2018-05-24T13:49:11","modified_gmt":"2018-05-24T13:49:11","slug":"palestine-un-ancien-soldat-israelien-temoigne-larmee-israelienne-ne-considere-pas-les-palestiniens-comme-des-etres-humains","status":"publish","type":"post","link":"https:\/\/www.lejournalduforkane.com\/index.php\/palestine-un-ancien-soldat-israelien-temoigne-larmee-israelienne-ne-considere-pas-les-palestiniens-comme-des-etres-humains\/","title":{"rendered":"Palestine : Un ancien soldat isra\u00e9lien t\u00e9moigne : \u00ab\u00a0L&rsquo;arm\u00e9e isra\u00e9lienne ne consid\u00e8re pas les palestiniens comme des \u00eatres humains !! \u00ab\u00a0"},"content":{"rendered":"<p><!--more--><\/p>\n<p><iframe loading=\"lazy\" width=\"620\" height=\"405\" src=\"\/\/rutube.ru\/play\/embed\/11153358\" frameborder=\"0\" webkitAllowFullScreen mozallowfullscreen allowfullscreen><\/iframe><\/p>\n","protected":false},"excerpt":{"rendered":"","protected":false},"author":2,"featured_media":0,"comment_status":"closed","ping_status":"open","sticky":false,"template":"","format":"standard","meta":[],"categories":[49],"tags":[],"_links":{"self":[{"href":"https:\/\/www.lejournalduforkane.com\/index.php\/wp-json\/wp\/v2\/posts\/20457"}],"collection":[{"href":"https:\/\/www.lejournalduforkane.com\/index.php\/wp-json\/wp\/v2\/posts"}],"about":[{"href":"https:\/\/www.lejournalduforkane.com\/index.php\/wp-json\/wp\/v2\/types\/post"}],"author":[{"embeddable":true,"href":"https:\/\/www.lejournalduforkane.com\/index.php\/wp-json\/wp\/v2\/users\/2"}],"replies":[{"embeddable":true,"href":"https:\/\/www.lejournalduforkane.com\/index.php\/wp-json\/wp\/v2\/comments?post=20457"}],"version-history":[{"count":1,"href":"https:\/\/www.lejournalduforkane.com\/index.php\/wp-json\/wp\/v2\/posts\/20457\/revisions"}],"predecessor-version":[{"id":20459,"href":"https:\/\/www.lejournalduforkane.com\/index.php\/wp-json\/wp\/v2\/posts\/20457\/revisions\/20459"}],"wp:attachment":[{"href":"https:\/\/www.lejournalduforkane.com\/index.php\/wp-json\/wp\/v2\/media?parent=20457"}],"wp:term":[{"taxonomy":"category","embeddable":true,"href":"https:\/\/www.lejournalduforkane.com\/index.php\/wp-json\/wp\/v2\/categories?post=20457"},{"taxonomy":"post_tag","embeddable":true,"href":"https:\/\/www.lejournalduforkane.com\/index.php\/wp-json\/wp\/v2\/tags?post=20457"}],"curies":[{"name":"wp","href":"https:\/\/api.w.org\/{rel}","templated":true}]}}