
{"id":20475,"date":"2018-05-24T14:10:39","date_gmt":"2018-05-24T14:10:39","guid":{"rendered":"https:\/\/www.lejournalduforkane.com\/?p=20475"},"modified":"2018-05-24T14:10:39","modified_gmt":"2018-05-24T14:10:39","slug":"choquant-les-forces-israeliennes-agressent-brutalement-un-jeune-palestinien-pres-de-la-porte-de-damas-dans-jerusalem-occupee","status":"publish","type":"post","link":"https:\/\/www.lejournalduforkane.com\/index.php\/choquant-les-forces-israeliennes-agressent-brutalement-un-jeune-palestinien-pres-de-la-porte-de-damas-dans-jerusalem-occupee\/","title":{"rendered":"Choquant ! Les forces isra\u00e9liennes agressent brutalement un jeune palestinien pr\u00e8s de la porte de Damas dans J\u00e9rusalem occup\u00e9e"},"content":{"rendered":"<p><!--more--><br \/>\n<iframe loading=\"lazy\" width=\"620\" height=\"405\" src=\"\/\/rutube.ru\/play\/embed\/11153389\" frameborder=\"0\" webkitAllowFullScreen mozallowfullscreen allowfullscreen><\/iframe><\/p>\n","protected":false},"excerpt":{"rendered":"","protected":false},"author":2,"featured_media":0,"comment_status":"closed","ping_status":"open","sticky":false,"template":"","format":"standard","meta":[],"categories":[49],"tags":[],"_links":{"self":[{"href":"https:\/\/www.lejournalduforkane.com\/index.php\/wp-json\/wp\/v2\/posts\/20475"}],"collection":[{"href":"https:\/\/www.lejournalduforkane.com\/index.php\/wp-json\/wp\/v2\/posts"}],"about":[{"href":"https:\/\/www.lejournalduforkane.com\/index.php\/wp-json\/wp\/v2\/types\/post"}],"author":[{"embeddable":true,"href":"https:\/\/www.lejournalduforkane.com\/index.php\/wp-json\/wp\/v2\/users\/2"}],"replies":[{"embeddable":true,"href":"https:\/\/www.lejournalduforkane.com\/index.php\/wp-json\/wp\/v2\/comments?post=20475"}],"version-history":[{"count":1,"href":"https:\/\/www.lejournalduforkane.com\/index.php\/wp-json\/wp\/v2\/posts\/20475\/revisions"}],"predecessor-version":[{"id":20477,"href":"https:\/\/www.lejournalduforkane.com\/index.php\/wp-json\/wp\/v2\/posts\/20475\/revisions\/20477"}],"wp:attachment":[{"href":"https:\/\/www.lejournalduforkane.com\/index.php\/wp-json\/wp\/v2\/media?parent=20475"}],"wp:term":[{"taxonomy":"category","embeddable":true,"href":"https:\/\/www.lejournalduforkane.com\/index.php\/wp-json\/wp\/v2\/categories?post=20475"},{"taxonomy":"post_tag","embeddable":true,"href":"https:\/\/www.lejournalduforkane.com\/index.php\/wp-json\/wp\/v2\/tags?post=20475"}],"curies":[{"name":"wp","href":"https:\/\/api.w.org\/{rel}","templated":true}]}}