
{"id":20499,"date":"2018-05-27T14:57:37","date_gmt":"2018-05-27T14:57:37","guid":{"rendered":"https:\/\/www.lejournalduforkane.com\/?p=20499"},"modified":"2018-05-27T14:57:37","modified_gmt":"2018-05-27T14:57:37","slug":"poutine-a-macron-naie-pas-peur-de-trump-emmanuel-la-russie-protegera-leurope","status":"publish","type":"post","link":"https:\/\/www.lejournalduforkane.com\/index.php\/poutine-a-macron-naie-pas-peur-de-trump-emmanuel-la-russie-protegera-leurope\/","title":{"rendered":"Poutine \u00e0 Macron : \u00a0\u00bb N&rsquo;aie pas peur de Trump, Emmanuel, la Russie prot\u00e9gera l&rsquo;Europe ! \u00ab\u00a0"},"content":{"rendered":"<p><!--more--><\/p>\n<p style=\"text-align: justify;\">Poutine \u00e0 Macron : \u00a0\u00bb N&rsquo;aie pas peur de Trump, Emmanuel, la Russie prot\u00e9gera l&rsquo;Europe ! \u00ab\u00a0<\/p>\n<p style=\"text-align: justify;\">Vladimir Poutine : [&#8230;] Bien s\u00fbr, nous ne pouvons pas \u00eatre satisfaits du niveau et de la nature des relations russo-am\u00e9ricaines. Nous sommes pr\u00eats \u00e0 ce dialogue. M. Trump a propos\u00e9 une r\u00e9union sp\u00e9cifique. Eh bien, jusqu&rsquo;\u00e0 pr\u00e9sent, \u00e7a n&rsquo;a pas march\u00e9. De nombreux probl\u00e8mes se posent. Cependant, nous sommes pr\u00eats \u00e0 mener ce dialogue substantiel. Je pense qu&rsquo;il est temps de l&rsquo;avoir sur beaucoup de dossiers.<\/p>\n<p style=\"text-align: justify;\">Donald [Trump] a exprim\u00e9 son inqui\u00e9tude au sujet d&rsquo;une nouvelle course aux armements. Je suis compl\u00e8tement d&rsquo;accord. Les d\u00e9cisions relatives \u00e0 la Cor\u00e9e du Nord et \u00e0 l&rsquo;Iran ne nous aident pas \u00e0 nous rapprocher, mais cela est aussi une occasion pour nous de discuter de ces questions.<\/p>\n<p style=\"text-align: justify;\">Emmanuel nous a dit qu&rsquo;entre l&rsquo;Europe et les \u00c9tats-Unis, il y a une relation de r\u00e9ciprocit\u00e9. L&rsquo;Europe d\u00e9pend des \u00c9tats-Unis dans le domaine de la s\u00e9curit\u00e9. Mais ce n&rsquo;est pas une raison pour vous inqui\u00e9ter, nous vous aiderons \u00e0 assurer votre s\u00e9curit\u00e9. Dans tous les cas, pour tout ce qui d\u00e9pend de nous, nous ferons en sorte qu&rsquo;il n&rsquo;y ait pas de nouvelles menaces. Il me semble n\u00e9cessaire de r\u00e9fl\u00e9chir dans cette direction. [&#8230;]<\/p>\n<p><iframe loading=\"lazy\" src=\"https:\/\/player.vimeo.com\/video\/272074779\" width=\"640\" height=\"360\" frameborder=\"0\" allowfullscreen=\"allowfullscreen\"><\/iframe><\/p>\n","protected":false},"excerpt":{"rendered":"Poutine \u00e0 Macron : \" N'aie pas peur de Trump, Emmanuel, la Russie prot\u00e9gera l'Europe ! \" Vladimir Poutine : [...] Bien s\u00fbr, nous ne pouvons pas \u00eatre satisfaits du","protected":false},"author":2,"featured_media":0,"comment_status":"closed","ping_status":"open","sticky":false,"template":"","format":"standard","meta":[],"categories":[49],"tags":[],"_links":{"self":[{"href":"https:\/\/www.lejournalduforkane.com\/index.php\/wp-json\/wp\/v2\/posts\/20499"}],"collection":[{"href":"https:\/\/www.lejournalduforkane.com\/index.php\/wp-json\/wp\/v2\/posts"}],"about":[{"href":"https:\/\/www.lejournalduforkane.com\/index.php\/wp-json\/wp\/v2\/types\/post"}],"author":[{"embeddable":true,"href":"https:\/\/www.lejournalduforkane.com\/index.php\/wp-json\/wp\/v2\/users\/2"}],"replies":[{"embeddable":true,"href":"https:\/\/www.lejournalduforkane.com\/index.php\/wp-json\/wp\/v2\/comments?post=20499"}],"version-history":[{"count":1,"href":"https:\/\/www.lejournalduforkane.com\/index.php\/wp-json\/wp\/v2\/posts\/20499\/revisions"}],"predecessor-version":[{"id":20501,"href":"https:\/\/www.lejournalduforkane.com\/index.php\/wp-json\/wp\/v2\/posts\/20499\/revisions\/20501"}],"wp:attachment":[{"href":"https:\/\/www.lejournalduforkane.com\/index.php\/wp-json\/wp\/v2\/media?parent=20499"}],"wp:term":[{"taxonomy":"category","embeddable":true,"href":"https:\/\/www.lejournalduforkane.com\/index.php\/wp-json\/wp\/v2\/categories?post=20499"},{"taxonomy":"post_tag","embeddable":true,"href":"https:\/\/www.lejournalduforkane.com\/index.php\/wp-json\/wp\/v2\/tags?post=20499"}],"curies":[{"name":"wp","href":"https:\/\/api.w.org\/{rel}","templated":true}]}}