
{"id":20502,"date":"2018-05-27T15:02:13","date_gmt":"2018-05-27T15:02:13","guid":{"rendered":"https:\/\/www.lejournalduforkane.com\/?p=20502"},"modified":"2018-05-27T15:02:13","modified_gmt":"2018-05-27T15:02:13","slug":"hassan-nasrallah-trump-netanyahou-et-ben-salmane-veulent-liquider-la-cause-palestinienne","status":"publish","type":"post","link":"https:\/\/www.lejournalduforkane.com\/index.php\/hassan-nasrallah-trump-netanyahou-et-ben-salmane-veulent-liquider-la-cause-palestinienne\/","title":{"rendered":"Hassan Nasrallah : \u00ab Trump, Netanyahou et Ben Salmane veulent liquider la cause palestinienne \u00bb"},"content":{"rendered":"<p><!--more--><\/p>\n<div class=\"_aok\" style=\"text-align: justify;\" tabindex=\"0\"><span class=\"_3oh- _58nk\">Hassan Nasrallah : \u00ab Trump, Netanyahou et Ben Salmane veulent liquider la cause palestinienne \u00bb<\/span><\/div>\n<div class=\"_aok\" style=\"text-align: justify;\" tabindex=\"0\"><\/div>\n<div class=\"_aok\" style=\"text-align: justify;\" tabindex=\"0\"><span class=\"_3oh- _58nk\"> Discours du Secr\u00e9taire G\u00e9n\u00e9ral du Hezbollah, Sayed Hassan Nasrallah, le 14 mai 2018, \u00e0 l\u2019occasion de la comm\u00e9moration du deuxi\u00e8me anniversaire de la mort du Commandant du Hezbollah Sayed Moustafa Badreddine<\/span><\/div>\n<div class=\"_aok\" style=\"text-align: justify;\" tabindex=\"0\"><\/div>\n<p><iframe loading=\"lazy\" src=\"https:\/\/player.vimeo.com\/video\/272066425\" width=\"640\" height=\"360\" frameborder=\"0\" allowfullscreen=\"allowfullscreen\"><\/iframe><\/p>\n","protected":false},"excerpt":{"rendered":"Hassan Nasrallah : \u00ab Trump, Netanyahou et Ben Salmane veulent liquider la cause palestinienne \u00bb Discours du Secr\u00e9taire G\u00e9n\u00e9ral du Hezbollah, Sayed Hassan Nasrallah, le 14 mai 2018, \u00e0 l\u2019occasion","protected":false},"author":2,"featured_media":0,"comment_status":"closed","ping_status":"open","sticky":false,"template":"","format":"standard","meta":[],"categories":[49],"tags":[],"_links":{"self":[{"href":"https:\/\/www.lejournalduforkane.com\/index.php\/wp-json\/wp\/v2\/posts\/20502"}],"collection":[{"href":"https:\/\/www.lejournalduforkane.com\/index.php\/wp-json\/wp\/v2\/posts"}],"about":[{"href":"https:\/\/www.lejournalduforkane.com\/index.php\/wp-json\/wp\/v2\/types\/post"}],"author":[{"embeddable":true,"href":"https:\/\/www.lejournalduforkane.com\/index.php\/wp-json\/wp\/v2\/users\/2"}],"replies":[{"embeddable":true,"href":"https:\/\/www.lejournalduforkane.com\/index.php\/wp-json\/wp\/v2\/comments?post=20502"}],"version-history":[{"count":1,"href":"https:\/\/www.lejournalduforkane.com\/index.php\/wp-json\/wp\/v2\/posts\/20502\/revisions"}],"predecessor-version":[{"id":20504,"href":"https:\/\/www.lejournalduforkane.com\/index.php\/wp-json\/wp\/v2\/posts\/20502\/revisions\/20504"}],"wp:attachment":[{"href":"https:\/\/www.lejournalduforkane.com\/index.php\/wp-json\/wp\/v2\/media?parent=20502"}],"wp:term":[{"taxonomy":"category","embeddable":true,"href":"https:\/\/www.lejournalduforkane.com\/index.php\/wp-json\/wp\/v2\/categories?post=20502"},{"taxonomy":"post_tag","embeddable":true,"href":"https:\/\/www.lejournalduforkane.com\/index.php\/wp-json\/wp\/v2\/tags?post=20502"}],"curies":[{"name":"wp","href":"https:\/\/api.w.org\/{rel}","templated":true}]}}