
{"id":20516,"date":"2018-05-29T15:44:10","date_gmt":"2018-05-29T15:44:10","guid":{"rendered":"https:\/\/www.lejournalduforkane.com\/?p=20516"},"modified":"2018-05-29T15:44:10","modified_gmt":"2018-05-29T15:44:10","slug":"les-etudiants-de-luniversite-de-geneve-font-un-hommage-emouvant-aux-martyrs-de-la-marche-du-grand-retour-a-gaza","status":"publish","type":"post","link":"https:\/\/www.lejournalduforkane.com\/index.php\/les-etudiants-de-luniversite-de-geneve-font-un-hommage-emouvant-aux-martyrs-de-la-marche-du-grand-retour-a-gaza\/","title":{"rendered":"Les \u00e9tudiants de l&rsquo;universit\u00e9 de Gen\u00e8ve font un hommage \u00e9mouvant aux martyrs de la marche du grand retour \u00e0 Gaza"},"content":{"rendered":"<p><!--more--><\/p>\n<p>Les \u00e9tudiants de l&rsquo;universit\u00e9 de Gen\u00e8ve font un hommage \u00e9mouvant aux martyrs de la marche du grand retour \u00e0 Gaza.<\/p>\n<p>Cela montre bien que, malgr\u00e9 la propagande et la censure qui s\u00e9vissent, la Palestine restera toujours dans le c\u0153ur des gens de bien.<\/p>\n<p>Vive la R\u00e9sistance, vive la Palestine et bravo \u00e0 ces \u00e9tudiants\u2026<\/p>\n<p><iframe loading=\"lazy\" width=\"620\" height=\"405\" src=\"\/\/rutube.ru\/play\/embed\/11162526\" frameborder=\"0\" webkitAllowFullScreen mozallowfullscreen allowfullscreen><\/iframe><\/p>\n","protected":false},"excerpt":{"rendered":"Les \u00e9tudiants de l'universit\u00e9 de Gen\u00e8ve font un hommage \u00e9mouvant aux martyrs de la marche du grand retour \u00e0 Gaza. Cela montre bien que, malgr\u00e9 la propagande et la censure","protected":false},"author":2,"featured_media":0,"comment_status":"closed","ping_status":"open","sticky":false,"template":"","format":"standard","meta":[],"categories":[49],"tags":[],"_links":{"self":[{"href":"https:\/\/www.lejournalduforkane.com\/index.php\/wp-json\/wp\/v2\/posts\/20516"}],"collection":[{"href":"https:\/\/www.lejournalduforkane.com\/index.php\/wp-json\/wp\/v2\/posts"}],"about":[{"href":"https:\/\/www.lejournalduforkane.com\/index.php\/wp-json\/wp\/v2\/types\/post"}],"author":[{"embeddable":true,"href":"https:\/\/www.lejournalduforkane.com\/index.php\/wp-json\/wp\/v2\/users\/2"}],"replies":[{"embeddable":true,"href":"https:\/\/www.lejournalduforkane.com\/index.php\/wp-json\/wp\/v2\/comments?post=20516"}],"version-history":[{"count":1,"href":"https:\/\/www.lejournalduforkane.com\/index.php\/wp-json\/wp\/v2\/posts\/20516\/revisions"}],"predecessor-version":[{"id":20518,"href":"https:\/\/www.lejournalduforkane.com\/index.php\/wp-json\/wp\/v2\/posts\/20516\/revisions\/20518"}],"wp:attachment":[{"href":"https:\/\/www.lejournalduforkane.com\/index.php\/wp-json\/wp\/v2\/media?parent=20516"}],"wp:term":[{"taxonomy":"category","embeddable":true,"href":"https:\/\/www.lejournalduforkane.com\/index.php\/wp-json\/wp\/v2\/categories?post=20516"},{"taxonomy":"post_tag","embeddable":true,"href":"https:\/\/www.lejournalduforkane.com\/index.php\/wp-json\/wp\/v2\/tags?post=20516"}],"curies":[{"name":"wp","href":"https:\/\/api.w.org\/{rel}","templated":true}]}}