
{"id":20531,"date":"2018-05-30T16:06:36","date_gmt":"2018-05-30T16:06:36","guid":{"rendered":"https:\/\/www.lejournalduforkane.com\/?p=20531"},"modified":"2018-05-30T16:06:36","modified_gmt":"2018-05-30T16:06:36","slug":"niveau-ecoeurant-de-gaspillage-alimentaire-pendant-le-ramadan-dans-un-pays-arabe-du-golfe","status":"publish","type":"post","link":"https:\/\/www.lejournalduforkane.com\/index.php\/niveau-ecoeurant-de-gaspillage-alimentaire-pendant-le-ramadan-dans-un-pays-arabe-du-golfe\/","title":{"rendered":"Niveau \u00e9c\u0153urant de gaspillage alimentaire pendant le Ramadan dans un pays arabe du Golfe !"},"content":{"rendered":"<p><!--more--><\/p>\n<p>Alors que les enfants y\u00e9m\u00e9nites meurent de faim \u00e0 c\u00f4t\u00e9 :<br \/>\nL&rsquo;Arabie Saoudite : 15 millions de tonnes par an<br \/>\n8 millions de repas tous les jours \u00e0 Duba\u00ef<br \/>\n1,850 tonnes de nourriture sont jet\u00e9es quotidiennement aux \u00c9mirats Arabes Unis<br \/>\n6 millions de tonnes par an au Bahre\u00efn : 400 tonnes par jour<\/p>\n<p><iframe loading=\"lazy\" width=\"620\" height=\"405\" src=\"\/\/rutube.ru\/play\/embed\/11164642\" frameborder=\"0\" webkitAllowFullScreen mozallowfullscreen allowfullscreen><\/iframe><\/p>\n","protected":false},"excerpt":{"rendered":"Alors que les enfants y\u00e9m\u00e9nites meurent de faim \u00e0 c\u00f4t\u00e9 : L'Arabie Saoudite : 15 millions de tonnes par an 8 millions de repas tous les jours \u00e0 Duba\u00ef 1,850","protected":false},"author":2,"featured_media":0,"comment_status":"closed","ping_status":"open","sticky":false,"template":"","format":"standard","meta":[],"categories":[49],"tags":[],"_links":{"self":[{"href":"https:\/\/www.lejournalduforkane.com\/index.php\/wp-json\/wp\/v2\/posts\/20531"}],"collection":[{"href":"https:\/\/www.lejournalduforkane.com\/index.php\/wp-json\/wp\/v2\/posts"}],"about":[{"href":"https:\/\/www.lejournalduforkane.com\/index.php\/wp-json\/wp\/v2\/types\/post"}],"author":[{"embeddable":true,"href":"https:\/\/www.lejournalduforkane.com\/index.php\/wp-json\/wp\/v2\/users\/2"}],"replies":[{"embeddable":true,"href":"https:\/\/www.lejournalduforkane.com\/index.php\/wp-json\/wp\/v2\/comments?post=20531"}],"version-history":[{"count":1,"href":"https:\/\/www.lejournalduforkane.com\/index.php\/wp-json\/wp\/v2\/posts\/20531\/revisions"}],"predecessor-version":[{"id":20533,"href":"https:\/\/www.lejournalduforkane.com\/index.php\/wp-json\/wp\/v2\/posts\/20531\/revisions\/20533"}],"wp:attachment":[{"href":"https:\/\/www.lejournalduforkane.com\/index.php\/wp-json\/wp\/v2\/media?parent=20531"}],"wp:term":[{"taxonomy":"category","embeddable":true,"href":"https:\/\/www.lejournalduforkane.com\/index.php\/wp-json\/wp\/v2\/categories?post=20531"},{"taxonomy":"post_tag","embeddable":true,"href":"https:\/\/www.lejournalduforkane.com\/index.php\/wp-json\/wp\/v2\/tags?post=20531"}],"curies":[{"name":"wp","href":"https:\/\/api.w.org\/{rel}","templated":true}]}}