
{"id":20539,"date":"2018-06-02T16:34:33","date_gmt":"2018-06-02T16:34:33","guid":{"rendered":"https:\/\/www.lejournalduforkane.com\/?p=20539"},"modified":"2018-06-02T16:34:33","modified_gmt":"2018-06-02T16:34:33","slug":"les-pierres-face-aux-chars","status":"publish","type":"post","link":"https:\/\/www.lejournalduforkane.com\/index.php\/les-pierres-face-aux-chars\/","title":{"rendered":"Les pierres face aux chars !!"},"content":{"rendered":"<p><!--more--><\/p>\n<p>Les pierres face aux chars !!<\/p>\n<p>C&rsquo;est ainsi que les Palestiniens d\u00e9fendent leur terre contre les occupants isra\u00e9liens. Honte aux dirigeants qui ont laiss\u00e9 ces gens sans d\u00e9fense seuls.<\/p>\n<p><iframe loading=\"lazy\" width=\"620\" height=\"405\" src=\"\/\/rutube.ru\/play\/embed\/11171109\" frameborder=\"0\" webkitAllowFullScreen mozallowfullscreen allowfullscreen><\/iframe><\/p>\n","protected":false},"excerpt":{"rendered":"Les pierres face aux chars !! C'est ainsi que les Palestiniens d\u00e9fendent leur terre contre les occupants isra\u00e9liens. Honte aux dirigeants qui ont laiss\u00e9 ces gens sans d\u00e9fense seuls.","protected":false},"author":2,"featured_media":0,"comment_status":"closed","ping_status":"open","sticky":false,"template":"","format":"standard","meta":[],"categories":[49],"tags":[],"_links":{"self":[{"href":"https:\/\/www.lejournalduforkane.com\/index.php\/wp-json\/wp\/v2\/posts\/20539"}],"collection":[{"href":"https:\/\/www.lejournalduforkane.com\/index.php\/wp-json\/wp\/v2\/posts"}],"about":[{"href":"https:\/\/www.lejournalduforkane.com\/index.php\/wp-json\/wp\/v2\/types\/post"}],"author":[{"embeddable":true,"href":"https:\/\/www.lejournalduforkane.com\/index.php\/wp-json\/wp\/v2\/users\/2"}],"replies":[{"embeddable":true,"href":"https:\/\/www.lejournalduforkane.com\/index.php\/wp-json\/wp\/v2\/comments?post=20539"}],"version-history":[{"count":1,"href":"https:\/\/www.lejournalduforkane.com\/index.php\/wp-json\/wp\/v2\/posts\/20539\/revisions"}],"predecessor-version":[{"id":20541,"href":"https:\/\/www.lejournalduforkane.com\/index.php\/wp-json\/wp\/v2\/posts\/20539\/revisions\/20541"}],"wp:attachment":[{"href":"https:\/\/www.lejournalduforkane.com\/index.php\/wp-json\/wp\/v2\/media?parent=20539"}],"wp:term":[{"taxonomy":"category","embeddable":true,"href":"https:\/\/www.lejournalduforkane.com\/index.php\/wp-json\/wp\/v2\/categories?post=20539"},{"taxonomy":"post_tag","embeddable":true,"href":"https:\/\/www.lejournalduforkane.com\/index.php\/wp-json\/wp\/v2\/tags?post=20539"}],"curies":[{"name":"wp","href":"https:\/\/api.w.org\/{rel}","templated":true}]}}