
{"id":20554,"date":"2018-06-02T16:57:17","date_gmt":"2018-06-02T16:57:17","guid":{"rendered":"https:\/\/www.lejournalduforkane.com\/?p=20554"},"modified":"2018-06-02T16:57:17","modified_gmt":"2018-06-02T16:57:17","slug":"razan-ashraf-najjar-21-ans-secouriste-volontaire-a-ete-tuee-par-des-tireurs-delite-israeliens-tout-en-fournissant-les-premiers-secours-aux-blesses-a-la-frontiere-orientale-de-gaza","status":"publish","type":"post","link":"https:\/\/www.lejournalduforkane.com\/index.php\/razan-ashraf-najjar-21-ans-secouriste-volontaire-a-ete-tuee-par-des-tireurs-delite-israeliens-tout-en-fournissant-les-premiers-secours-aux-blesses-a-la-frontiere-orientale-de-gaza\/","title":{"rendered":"Razan Ashraf Najjar, 21 ans, secouriste volontaire, a \u00e9t\u00e9 tu\u00e9e par des tireurs d&rsquo;\u00e9lite isra\u00e9liens tout en fournissant les premiers secours aux bless\u00e9s \u00e0 la fronti\u00e8re orientale de Gaza"},"content":{"rendered":"<p><!--more--><\/p>\n<p>Razan Ashraf Najjar, 21 ans, secouriste volontaire, a \u00e9t\u00e9 tu\u00e9e par des tireurs d&rsquo;\u00e9lite isra\u00e9liens tout en fournissant les premiers secours aux bless\u00e9s \u00e0 la fronti\u00e8re orientale de Gaza.<\/p>\n<p>Elle s&rsquo;est d\u00e9j\u00e0 \u00e9vanouie deux fois \u00e0 cause de l&rsquo;inhalation de gaz, tandis que le 13 avril, elle s&rsquo;est cass\u00e9e le poignet apr\u00e8s avoir chut\u00e9 en courant pour s&rsquo;occuper d&rsquo;un manifestant bless\u00e9.<\/p>\n<p><img loading=\"lazy\" src=\"https:\/\/www.lejournalduforkane.com\/wp-content\/uploads\/2018\/06\/Razan-Ashraf-Najjar-21-ans-secouriste-volontaire-a-\u00e9t\u00e9-tu\u00e9e-par-des-tireurs-d\u00e9lite-isra\u00e9liens-tout-en-fournissant-les-premiers-secours-aux-bless\u00e9s-\u00e0-la-fronti\u00e8re-orientale-de-Gaza4-300x189.png\" alt=\"Razan Ashraf Najjar, 21 ans, secouriste volontaire, a \u00e9t\u00e9 tu\u00e9e par des tireurs d&#039;\u00e9lite isra\u00e9liens tout en fournissant les premiers secours aux bless\u00e9s \u00e0 la fronti\u00e8re orientale de Gaza4\" width=\"300\" height=\"189\" class=\"alignnone size-medium wp-image-20555\" srcset=\"https:\/\/www.lejournalduforkane.com\/wp-content\/uploads\/2018\/06\/Razan-Ashraf-Najjar-21-ans-secouriste-volontaire-a-\u00e9t\u00e9-tu\u00e9e-par-des-tireurs-d\u00e9lite-isra\u00e9liens-tout-en-fournissant-les-premiers-secours-aux-bless\u00e9s-\u00e0-la-fronti\u00e8re-orientale-de-Gaza4-300x189.png 300w, https:\/\/www.lejournalduforkane.com\/wp-content\/uploads\/2018\/06\/Razan-Ashraf-Najjar-21-ans-secouriste-volontaire-a-\u00e9t\u00e9-tu\u00e9e-par-des-tireurs-d\u00e9lite-isra\u00e9liens-tout-en-fournissant-les-premiers-secours-aux-bless\u00e9s-\u00e0-la-fronti\u00e8re-orientale-de-Gaza4-768x483.png 768w, https:\/\/www.lejournalduforkane.com\/wp-content\/uploads\/2018\/06\/Razan-Ashraf-Najjar-21-ans-secouriste-volontaire-a-\u00e9t\u00e9-tu\u00e9e-par-des-tireurs-d\u00e9lite-isra\u00e9liens-tout-en-fournissant-les-premiers-secours-aux-bless\u00e9s-\u00e0-la-fronti\u00e8re-orientale-de-Gaza4.png 960w\" sizes=\"(max-width: 300px) 100vw, 300px\" \/><\/p>\n<p><img loading=\"lazy\" src=\"https:\/\/www.lejournalduforkane.com\/wp-content\/uploads\/2018\/06\/Razan-Ashraf-Najjar-21-ans-secouriste-volontaire-a-\u00e9t\u00e9-tu\u00e9e-par-des-tireurs-d\u00e9lite-isra\u00e9liens-tout-en-fournissant-les-premiers-secours-aux-bless\u00e9s-\u00e0-la-fronti\u00e8re-orientale-de-Gaza3-296x300.png\" alt=\"Razan Ashraf Najjar, 21 ans, secouriste volontaire, a \u00e9t\u00e9 tu\u00e9e par des tireurs d&#039;\u00e9lite isra\u00e9liens tout en fournissant les premiers secours aux bless\u00e9s \u00e0 la fronti\u00e8re orientale de Gaza3\" width=\"296\" height=\"300\" class=\"alignnone size-medium wp-image-20556\" srcset=\"https:\/\/www.lejournalduforkane.com\/wp-content\/uploads\/2018\/06\/Razan-Ashraf-Najjar-21-ans-secouriste-volontaire-a-\u00e9t\u00e9-tu\u00e9e-par-des-tireurs-d\u00e9lite-isra\u00e9liens-tout-en-fournissant-les-premiers-secours-aux-bless\u00e9s-\u00e0-la-fronti\u00e8re-orientale-de-Gaza3-296x300.png 296w, https:\/\/www.lejournalduforkane.com\/wp-content\/uploads\/2018\/06\/Razan-Ashraf-Najjar-21-ans-secouriste-volontaire-a-\u00e9t\u00e9-tu\u00e9e-par-des-tireurs-d\u00e9lite-isra\u00e9liens-tout-en-fournissant-les-premiers-secours-aux-bless\u00e9s-\u00e0-la-fronti\u00e8re-orientale-de-Gaza3.png 568w\" sizes=\"(max-width: 296px) 100vw, 296px\" \/><\/p>\n<p><img loading=\"lazy\" src=\"https:\/\/www.lejournalduforkane.com\/wp-content\/uploads\/2018\/06\/Razan-Ashraf-Najjar-21-ans-secouriste-volontaire-a-\u00e9t\u00e9-tu\u00e9e-par-des-tireurs-d\u00e9lite-isra\u00e9liens-tout-en-fournissant-les-premiers-secours-aux-bless\u00e9s-\u00e0-la-fronti\u00e8re-orientale-de-Gaza\u00e9-300x300.png\" alt=\"Razan Ashraf Najjar, 21 ans, secouriste volontaire, a \u00e9t\u00e9 tu\u00e9e par des tireurs d&#039;\u00e9lite isra\u00e9liens tout en fournissant les premiers secours aux bless\u00e9s \u00e0 la fronti\u00e8re orientale de Gaza\u00e9\" width=\"300\" height=\"300\" class=\"alignnone size-medium wp-image-20557\" srcset=\"https:\/\/www.lejournalduforkane.com\/wp-content\/uploads\/2018\/06\/Razan-Ashraf-Najjar-21-ans-secouriste-volontaire-a-\u00e9t\u00e9-tu\u00e9e-par-des-tireurs-d\u00e9lite-isra\u00e9liens-tout-en-fournissant-les-premiers-secours-aux-bless\u00e9s-\u00e0-la-fronti\u00e8re-orientale-de-Gaza\u00e9-300x300.png 300w, https:\/\/www.lejournalduforkane.com\/wp-content\/uploads\/2018\/06\/Razan-Ashraf-Najjar-21-ans-secouriste-volontaire-a-\u00e9t\u00e9-tu\u00e9e-par-des-tireurs-d\u00e9lite-isra\u00e9liens-tout-en-fournissant-les-premiers-secours-aux-bless\u00e9s-\u00e0-la-fronti\u00e8re-orientale-de-Gaza\u00e9-150x150.png 150w, https:\/\/www.lejournalduforkane.com\/wp-content\/uploads\/2018\/06\/Razan-Ashraf-Najjar-21-ans-secouriste-volontaire-a-\u00e9t\u00e9-tu\u00e9e-par-des-tireurs-d\u00e9lite-isra\u00e9liens-tout-en-fournissant-les-premiers-secours-aux-bless\u00e9s-\u00e0-la-fronti\u00e8re-orientale-de-Gaza\u00e9.png 480w\" sizes=\"(max-width: 300px) 100vw, 300px\" \/><\/p>\n<p><img loading=\"lazy\" src=\"https:\/\/www.lejournalduforkane.com\/wp-content\/uploads\/2018\/06\/Razan-Ashraf-Najjar-21-ans-secouriste-volontaire-a-\u00e9t\u00e9-tu\u00e9e-par-des-tireurs-d\u00e9lite-isra\u00e9liens-tout-en-fournissant-les-premiers-secours-aux-bless\u00e9s-\u00e0-la-fronti\u00e8re-orientale-de-Gaza1-168x300.png\" alt=\"Razan Ashraf Najjar, 21 ans, secouriste volontaire, a \u00e9t\u00e9 tu\u00e9e par des tireurs d&#039;\u00e9lite isra\u00e9liens tout en fournissant les premiers secours aux bless\u00e9s \u00e0 la fronti\u00e8re orientale de Gaza1\" width=\"168\" height=\"300\" class=\"alignnone size-medium wp-image-20558\" srcset=\"https:\/\/www.lejournalduforkane.com\/wp-content\/uploads\/2018\/06\/Razan-Ashraf-Najjar-21-ans-secouriste-volontaire-a-\u00e9t\u00e9-tu\u00e9e-par-des-tireurs-d\u00e9lite-isra\u00e9liens-tout-en-fournissant-les-premiers-secours-aux-bless\u00e9s-\u00e0-la-fronti\u00e8re-orientale-de-Gaza1-168x300.png 168w, https:\/\/www.lejournalduforkane.com\/wp-content\/uploads\/2018\/06\/Razan-Ashraf-Najjar-21-ans-secouriste-volontaire-a-\u00e9t\u00e9-tu\u00e9e-par-des-tireurs-d\u00e9lite-isra\u00e9liens-tout-en-fournissant-les-premiers-secours-aux-bless\u00e9s-\u00e0-la-fronti\u00e8re-orientale-de-Gaza1.png 536w\" sizes=\"(max-width: 168px) 100vw, 168px\" \/><\/p>\n","protected":false},"excerpt":{"rendered":"Razan Ashraf Najjar, 21 ans, secouriste volontaire, a \u00e9t\u00e9 tu\u00e9e par des tireurs d'\u00e9lite isra\u00e9liens tout en fournissant les premiers secours aux bless\u00e9s \u00e0 la fronti\u00e8re orientale de Gaza. Elle","protected":false},"author":2,"featured_media":20557,"comment_status":"closed","ping_status":"open","sticky":false,"template":"","format":"standard","meta":[],"categories":[49],"tags":[],"_links":{"self":[{"href":"https:\/\/www.lejournalduforkane.com\/index.php\/wp-json\/wp\/v2\/posts\/20554"}],"collection":[{"href":"https:\/\/www.lejournalduforkane.com\/index.php\/wp-json\/wp\/v2\/posts"}],"about":[{"href":"https:\/\/www.lejournalduforkane.com\/index.php\/wp-json\/wp\/v2\/types\/post"}],"author":[{"embeddable":true,"href":"https:\/\/www.lejournalduforkane.com\/index.php\/wp-json\/wp\/v2\/users\/2"}],"replies":[{"embeddable":true,"href":"https:\/\/www.lejournalduforkane.com\/index.php\/wp-json\/wp\/v2\/comments?post=20554"}],"version-history":[{"count":1,"href":"https:\/\/www.lejournalduforkane.com\/index.php\/wp-json\/wp\/v2\/posts\/20554\/revisions"}],"predecessor-version":[{"id":20559,"href":"https:\/\/www.lejournalduforkane.com\/index.php\/wp-json\/wp\/v2\/posts\/20554\/revisions\/20559"}],"wp:featuredmedia":[{"embeddable":true,"href":"https:\/\/www.lejournalduforkane.com\/index.php\/wp-json\/wp\/v2\/media\/20557"}],"wp:attachment":[{"href":"https:\/\/www.lejournalduforkane.com\/index.php\/wp-json\/wp\/v2\/media?parent=20554"}],"wp:term":[{"taxonomy":"category","embeddable":true,"href":"https:\/\/www.lejournalduforkane.com\/index.php\/wp-json\/wp\/v2\/categories?post=20554"},{"taxonomy":"post_tag","embeddable":true,"href":"https:\/\/www.lejournalduforkane.com\/index.php\/wp-json\/wp\/v2\/tags?post=20554"}],"curies":[{"name":"wp","href":"https:\/\/api.w.org\/{rel}","templated":true}]}}