
{"id":20561,"date":"2018-06-03T18:38:28","date_gmt":"2018-06-03T18:38:28","guid":{"rendered":"https:\/\/www.lejournalduforkane.com\/?p=20561"},"modified":"2018-06-03T18:38:28","modified_gmt":"2018-06-03T18:38:28","slug":"en-sadressant-a-la-qnn-la-mere-de-razan-a-dit-que-sa-fille-na-combattu-loccupation-israelienne-quavec-son-kit-medical","status":"publish","type":"post","link":"https:\/\/www.lejournalduforkane.com\/index.php\/en-sadressant-a-la-qnn-la-mere-de-razan-a-dit-que-sa-fille-na-combattu-loccupation-israelienne-quavec-son-kit-medical\/","title":{"rendered":"En s&rsquo;adressant \u00e0 la QNN, la m\u00e8re de Razan a dit que sa fille n&rsquo;a combattu l&rsquo;occupation isra\u00e9lienne qu&rsquo;avec son kit m\u00e9dical"},"content":{"rendered":"<p><!--more--><\/p>\n<p>En s&rsquo;adressant \u00e0 la QNN, la m\u00e8re de Razan a dit que sa fille n&rsquo;a combattu l&rsquo;occupation isra\u00e9lienne qu&rsquo;avec son kit m\u00e9dical.<\/p>\n<p>Razan a \u00e9t\u00e9 assassin\u00e9e pour avoir aid\u00e9 des manifestants bless\u00e9s qui exigeaient leurs droits civils.<\/p>\n<p><iframe loading=\"lazy\" width=\"620\" height=\"405\" src=\"\/\/rutube.ru\/play\/embed\/11173058\" frameborder=\"0\" webkitAllowFullScreen mozallowfullscreen allowfullscreen><\/iframe><\/p>\n","protected":false},"excerpt":{"rendered":"En s'adressant \u00e0 la QNN, la m\u00e8re de Razan a dit que sa fille n'a combattu l'occupation isra\u00e9lienne qu'avec son kit m\u00e9dical. Razan a \u00e9t\u00e9 assassin\u00e9e pour avoir aid\u00e9 des","protected":false},"author":2,"featured_media":0,"comment_status":"closed","ping_status":"open","sticky":false,"template":"","format":"standard","meta":[],"categories":[49],"tags":[],"_links":{"self":[{"href":"https:\/\/www.lejournalduforkane.com\/index.php\/wp-json\/wp\/v2\/posts\/20561"}],"collection":[{"href":"https:\/\/www.lejournalduforkane.com\/index.php\/wp-json\/wp\/v2\/posts"}],"about":[{"href":"https:\/\/www.lejournalduforkane.com\/index.php\/wp-json\/wp\/v2\/types\/post"}],"author":[{"embeddable":true,"href":"https:\/\/www.lejournalduforkane.com\/index.php\/wp-json\/wp\/v2\/users\/2"}],"replies":[{"embeddable":true,"href":"https:\/\/www.lejournalduforkane.com\/index.php\/wp-json\/wp\/v2\/comments?post=20561"}],"version-history":[{"count":1,"href":"https:\/\/www.lejournalduforkane.com\/index.php\/wp-json\/wp\/v2\/posts\/20561\/revisions"}],"predecessor-version":[{"id":20563,"href":"https:\/\/www.lejournalduforkane.com\/index.php\/wp-json\/wp\/v2\/posts\/20561\/revisions\/20563"}],"wp:attachment":[{"href":"https:\/\/www.lejournalduforkane.com\/index.php\/wp-json\/wp\/v2\/media?parent=20561"}],"wp:term":[{"taxonomy":"category","embeddable":true,"href":"https:\/\/www.lejournalduforkane.com\/index.php\/wp-json\/wp\/v2\/categories?post=20561"},{"taxonomy":"post_tag","embeddable":true,"href":"https:\/\/www.lejournalduforkane.com\/index.php\/wp-json\/wp\/v2\/tags?post=20561"}],"curies":[{"name":"wp","href":"https:\/\/api.w.org\/{rel}","templated":true}]}}