
{"id":20583,"date":"2018-06-06T15:36:54","date_gmt":"2018-06-06T15:36:54","guid":{"rendered":"https:\/\/www.lejournalduforkane.com\/?p=20583"},"modified":"2018-06-06T15:36:54","modified_gmt":"2018-06-06T15:36:54","slug":"razan-najjar-a-sacrifie-sa-vie-pour-sauver-la-vie-des-manifestants-blesses-a-la-frontiere-de-gaza","status":"publish","type":"post","link":"https:\/\/www.lejournalduforkane.com\/index.php\/razan-najjar-a-sacrifie-sa-vie-pour-sauver-la-vie-des-manifestants-blesses-a-la-frontiere-de-gaza\/","title":{"rendered":"Razan Najjar a sacrifi\u00e9 sa vie pour sauver la vie des manifestants bless\u00e9s \u00e0 la fronti\u00e8re de Gaza"},"content":{"rendered":"<p><!--more--><\/p>\n<p>Elle est la derni\u00e8re victime des crimes de guerre isra\u00e9liens contre des m\u00e9decins et des journalistes palestiniens.<\/p>\n<p><iframe loading=\"lazy\" width=\"620\" height=\"405\" src=\"\/\/rutube.ru\/play\/embed\/11178608\" frameborder=\"0\" webkitAllowFullScreen mozallowfullscreen allowfullscreen><\/iframe><\/p>\n","protected":false},"excerpt":{"rendered":"Elle est la derni\u00e8re victime des crimes de guerre isra\u00e9liens contre des m\u00e9decins et des journalistes palestiniens.","protected":false},"author":2,"featured_media":0,"comment_status":"closed","ping_status":"open","sticky":false,"template":"","format":"standard","meta":[],"categories":[49],"tags":[],"_links":{"self":[{"href":"https:\/\/www.lejournalduforkane.com\/index.php\/wp-json\/wp\/v2\/posts\/20583"}],"collection":[{"href":"https:\/\/www.lejournalduforkane.com\/index.php\/wp-json\/wp\/v2\/posts"}],"about":[{"href":"https:\/\/www.lejournalduforkane.com\/index.php\/wp-json\/wp\/v2\/types\/post"}],"author":[{"embeddable":true,"href":"https:\/\/www.lejournalduforkane.com\/index.php\/wp-json\/wp\/v2\/users\/2"}],"replies":[{"embeddable":true,"href":"https:\/\/www.lejournalduforkane.com\/index.php\/wp-json\/wp\/v2\/comments?post=20583"}],"version-history":[{"count":1,"href":"https:\/\/www.lejournalduforkane.com\/index.php\/wp-json\/wp\/v2\/posts\/20583\/revisions"}],"predecessor-version":[{"id":20585,"href":"https:\/\/www.lejournalduforkane.com\/index.php\/wp-json\/wp\/v2\/posts\/20583\/revisions\/20585"}],"wp:attachment":[{"href":"https:\/\/www.lejournalduforkane.com\/index.php\/wp-json\/wp\/v2\/media?parent=20583"}],"wp:term":[{"taxonomy":"category","embeddable":true,"href":"https:\/\/www.lejournalduforkane.com\/index.php\/wp-json\/wp\/v2\/categories?post=20583"},{"taxonomy":"post_tag","embeddable":true,"href":"https:\/\/www.lejournalduforkane.com\/index.php\/wp-json\/wp\/v2\/tags?post=20583"}],"curies":[{"name":"wp","href":"https:\/\/api.w.org\/{rel}","templated":true}]}}