
{"id":2060,"date":"2017-04-10T06:10:19","date_gmt":"2017-04-10T06:10:19","guid":{"rendered":"https:\/\/www.lejournalduforkane.com\/?p=2060"},"modified":"2019-01-16T19:36:01","modified_gmt":"2019-01-16T19:36:01","slug":"la-syrie-et-le-reste-du-monde-3-2","status":"publish","type":"post","link":"https:\/\/www.lejournalduforkane.com\/index.php\/la-syrie-et-le-reste-du-monde-3-2\/","title":{"rendered":"4. La Syrie et le reste du monde"},"content":{"rendered":"<div>\n<p style=\"text-align: justify;\">Les ennemis de la Syrie sont nombreux. Sous pr\u00e9texte d\u2019\u00e9viter la guerre civile<!--more-->, l\u2019Irak ne permet pas \u00e0 l\u2019Iran de fournir des armes \u00e0 la Syrie \u00e0 travers sa fronti\u00e8re. Alors que l\u2019Irak est d\u00e9chir\u00e9, martyris\u00e9 par les m\u00eames mains qui frappent aujourd\u2019hui la Syrie. Les terroristes de leurs c\u00f4t\u00e9s pratiquent le politique de la terre br\u00fbl\u00e9e sous l\u2019\u00e9gide de l\u2019Arabie, du Qatar, de la Turquie et des puissances. Tous ces massacres et attentats veulent terroriser, d\u00e9courager et diviser le peuple et l\u2019arm\u00e9e et ils sont pratiqu\u00e9s par des sp\u00e9cialistes \u00e9trangers.<\/p>\n<p style=\"text-align: justify;\">La discr\u00e9tion US est<a href=\"http:\/\/158.255.2.50\/wp-content\/uploads\/2013\/03\/carte_syrie_turquie_fr.jpg\"><img loading=\"lazy\" class=\"alignleft size-thumbnail wp-image-2061\" title=\"carte_syrie_turquie_fr\" src=\"http:\/\/158.255.2.50\/wp-content\/uploads\/2013\/03\/carte_syrie_turquie_fr-e1364681197162-150x84.jpg\" alt=\"\" width=\"150\" height=\"84\" \/><\/a> r\u00e9elle mais les firmes priv\u00e9es sont appel\u00e9es \u00e0 armer et orienter les terroristes. Il y a des tirs \u00e0 la fronti\u00e8re turco-syrienne. Les Turcs en appellent \u00e0 l\u2019OTAN. Les masques tombent\u00a0: la Syrie est exclue de la Ligue Arabe. Les conf\u00e9rences sur \u00ab\u00a0les amis du peuple syrien\u00a0\u00bb ont lieu sans le principal acteur, la Syrie. Un missionnaire wahhabite saoudite veut la \u00ab\u00a0t\u00eate\u00a0\u00bb de Bachar Al-Assad pour 450\u00a0000 dollars. Les occidentaux et la Turquie expulsent les diplomates et ambassadeurs syriens. La Syrie riposte de la m\u00eame fa\u00e7on.<\/p>\n<p style=\"text-align: justify;\">Les cha\u00eenes syriennes subissent un embargo de Nilesat et d\u2019Arabsat. Les ing\u00e9nieurs et sp\u00e9cialistes anglais et fran\u00e7ais \u00e9paulent techniquement les rebelles. Les ex-forces sp\u00e9ciales britanniques entra\u00eenent et les Fran\u00e7ais apportent les moyens de communication. Selon les renseignements chinois, Hollywood s\u2019appr\u00eateraient \u00e0 faire un film grandeur nature sur la chute d\u2019Assad, reconstitution financ\u00e9e par l\u2019Arabie (qui esp\u00e8re vainement \u00e9viter les attentats in\u00e9vitables \u00e0 la Mecque) et le Qatar. \u00a0\u00a0\u00a0\u00a0\u00a0\u00a0 A Doha, construction de v\u00e9ritables villes syriennes pour tromper l\u2019opinion en montrant des avions, des blind\u00e9s et partout des destructions.<\/p>\n<p style=\"text-align: justify;\">\n<p align=\"center\"><strong>Quand Al-Mahdi viendra, le r\u00eave ottoman des enfants d\u2019Atat\u00fcrk tournera au cauchemar. L\u2019orgueil les perdra. Tout cela est \u00e9crit\u00a0: la Turquie sera d\u00e9truite.<\/strong><\/p>\n<\/div>\n<p><strong><br clear=\"all\" \/> <\/strong><\/p>\n","protected":false},"excerpt":{"rendered":"<p>Les ennemis de la Syrie sont nombreux. Sous pr\u00e9texte d\u2019\u00e9viter la guerre civile<\/p>\n","protected":false},"author":2,"featured_media":0,"comment_status":"open","ping_status":"closed","sticky":false,"template":"","format":"standard","meta":[],"categories":[],"tags":[],"_links":{"self":[{"href":"https:\/\/www.lejournalduforkane.com\/index.php\/wp-json\/wp\/v2\/posts\/2060"}],"collection":[{"href":"https:\/\/www.lejournalduforkane.com\/index.php\/wp-json\/wp\/v2\/posts"}],"about":[{"href":"https:\/\/www.lejournalduforkane.com\/index.php\/wp-json\/wp\/v2\/types\/post"}],"author":[{"embeddable":true,"href":"https:\/\/www.lejournalduforkane.com\/index.php\/wp-json\/wp\/v2\/users\/2"}],"replies":[{"embeddable":true,"href":"https:\/\/www.lejournalduforkane.com\/index.php\/wp-json\/wp\/v2\/comments?post=2060"}],"version-history":[{"count":2,"href":"https:\/\/www.lejournalduforkane.com\/index.php\/wp-json\/wp\/v2\/posts\/2060\/revisions"}],"predecessor-version":[{"id":16278,"href":"https:\/\/www.lejournalduforkane.com\/index.php\/wp-json\/wp\/v2\/posts\/2060\/revisions\/16278"}],"wp:attachment":[{"href":"https:\/\/www.lejournalduforkane.com\/index.php\/wp-json\/wp\/v2\/media?parent=2060"}],"wp:term":[{"taxonomy":"category","embeddable":true,"href":"https:\/\/www.lejournalduforkane.com\/index.php\/wp-json\/wp\/v2\/categories?post=2060"},{"taxonomy":"post_tag","embeddable":true,"href":"https:\/\/www.lejournalduforkane.com\/index.php\/wp-json\/wp\/v2\/tags?post=2060"}],"curies":[{"name":"wp","href":"https:\/\/api.w.org\/{rel}","templated":true}]}}