
{"id":20602,"date":"2018-06-08T22:02:36","date_gmt":"2018-06-08T22:02:36","guid":{"rendered":"https:\/\/www.lejournalduforkane.com\/?p=20602"},"modified":"2018-06-08T22:02:36","modified_gmt":"2018-06-08T22:02:36","slug":"une-street-action-pour-denoncer-loccupation-contre-la-palestine-a-avignon","status":"publish","type":"post","link":"https:\/\/www.lejournalduforkane.com\/index.php\/une-street-action-pour-denoncer-loccupation-contre-la-palestine-a-avignon\/","title":{"rendered":"Une street action pour d\u00e9noncer l\u2019occupation contre la Palestine \u00e0 Avignon"},"content":{"rendered":"<p><!--more--><\/p>\n<p>Une street action pour d\u00e9noncer l\u2019occupation contre la Palestine \u00e0 Avignon<\/p>\n<p>Dans un centre commercial d&rsquo;Avignon, ces gens se sont lev\u00e9 pour simuler les crimes de l&rsquo;occupation isra\u00e9lienne contre le peuple palestinien. Une sc\u00e8ne brillante !<\/p>\n<p>Cela montre bien que, malgr\u00e9 la propagande et la censure qui s\u00e9vissent, la Palestine restera toujours dans le c\u0153ur des gens de bien.<\/p>\n<p>Vive la R\u00e9sistance, vive la Palestine et bravo \u00e0 ces militants\u2026<\/p>\n<p><iframe loading=\"lazy\" width=\"620\" height=\"405\" src=\"\/\/rutube.ru\/play\/embed\/11183399\" frameborder=\"0\" webkitAllowFullScreen mozallowfullscreen allowfullscreen><\/iframe><\/p>\n","protected":false},"excerpt":{"rendered":"Une street action pour d\u00e9noncer l\u2019occupation contre la Palestine \u00e0 Avignon Dans un centre commercial d'Avignon, ces gens se sont lev\u00e9 pour simuler les crimes de l'occupation isra\u00e9lienne contre le","protected":false},"author":2,"featured_media":0,"comment_status":"closed","ping_status":"open","sticky":false,"template":"","format":"standard","meta":[],"categories":[49],"tags":[],"_links":{"self":[{"href":"https:\/\/www.lejournalduforkane.com\/index.php\/wp-json\/wp\/v2\/posts\/20602"}],"collection":[{"href":"https:\/\/www.lejournalduforkane.com\/index.php\/wp-json\/wp\/v2\/posts"}],"about":[{"href":"https:\/\/www.lejournalduforkane.com\/index.php\/wp-json\/wp\/v2\/types\/post"}],"author":[{"embeddable":true,"href":"https:\/\/www.lejournalduforkane.com\/index.php\/wp-json\/wp\/v2\/users\/2"}],"replies":[{"embeddable":true,"href":"https:\/\/www.lejournalduforkane.com\/index.php\/wp-json\/wp\/v2\/comments?post=20602"}],"version-history":[{"count":1,"href":"https:\/\/www.lejournalduforkane.com\/index.php\/wp-json\/wp\/v2\/posts\/20602\/revisions"}],"predecessor-version":[{"id":20606,"href":"https:\/\/www.lejournalduforkane.com\/index.php\/wp-json\/wp\/v2\/posts\/20602\/revisions\/20606"}],"wp:attachment":[{"href":"https:\/\/www.lejournalduforkane.com\/index.php\/wp-json\/wp\/v2\/media?parent=20602"}],"wp:term":[{"taxonomy":"category","embeddable":true,"href":"https:\/\/www.lejournalduforkane.com\/index.php\/wp-json\/wp\/v2\/categories?post=20602"},{"taxonomy":"post_tag","embeddable":true,"href":"https:\/\/www.lejournalduforkane.com\/index.php\/wp-json\/wp\/v2\/tags?post=20602"}],"curies":[{"name":"wp","href":"https:\/\/api.w.org\/{rel}","templated":true}]}}