
{"id":20651,"date":"2018-06-11T12:57:24","date_gmt":"2018-06-11T12:57:24","guid":{"rendered":"https:\/\/www.lejournalduforkane.com\/?p=20651"},"modified":"2018-06-13T17:01:17","modified_gmt":"2018-06-13T17:01:17","slug":"journee-mondiale-dal-qods-manifestation-pacifique-londres-angleterre","status":"publish","type":"post","link":"https:\/\/www.lejournalduforkane.com\/index.php\/journee-mondiale-dal-qods-manifestation-pacifique-londres-angleterre\/","title":{"rendered":"Journ\u00e9e mondiale d&rsquo;Al Qods &#8211; manifestation pacifique &#8211; Londres, Angleterre"},"content":{"rendered":"<p><!--more--><\/p>\n<p>Ambiance merveilleuse<br \/>\nJourn\u00e9e mondiale d&rsquo;Al Qods &#8211; manifestation pacifique &#8211; Londres, Angleterre ????<\/p>\n<p>Hommes, femmes, enfants, familles, personnes \u00e2g\u00e9es ; nombreuses nationalit\u00e9s et religions diff\u00e9rentes.<br \/>\nTous en solidarit\u00e9 avec le peuple opprim\u00e9 de Gaza de Palestine<\/p>\n<p><iframe loading=\"lazy\" width=\"620\" height=\"405\" src=\"\/\/rutube.ru\/play\/embed\/11191454\" frameborder=\"0\" webkitAllowFullScreen mozallowfullscreen allowfullscreen><\/iframe><\/p>\n","protected":false},"excerpt":{"rendered":"Ambiance merveilleuse Journ\u00e9e mondiale d'Al Qods - manifestation pacifique - Londres, Angleterre ???? Hommes, femmes, enfants, familles, personnes \u00e2g\u00e9es ; nombreuses nationalit\u00e9s et religions diff\u00e9rentes. Tous en solidarit\u00e9 avec le","protected":false},"author":2,"featured_media":0,"comment_status":"closed","ping_status":"open","sticky":false,"template":"","format":"standard","meta":[],"categories":[49],"tags":[],"_links":{"self":[{"href":"https:\/\/www.lejournalduforkane.com\/index.php\/wp-json\/wp\/v2\/posts\/20651"}],"collection":[{"href":"https:\/\/www.lejournalduforkane.com\/index.php\/wp-json\/wp\/v2\/posts"}],"about":[{"href":"https:\/\/www.lejournalduforkane.com\/index.php\/wp-json\/wp\/v2\/types\/post"}],"author":[{"embeddable":true,"href":"https:\/\/www.lejournalduforkane.com\/index.php\/wp-json\/wp\/v2\/users\/2"}],"replies":[{"embeddable":true,"href":"https:\/\/www.lejournalduforkane.com\/index.php\/wp-json\/wp\/v2\/comments?post=20651"}],"version-history":[{"count":1,"href":"https:\/\/www.lejournalduforkane.com\/index.php\/wp-json\/wp\/v2\/posts\/20651\/revisions"}],"predecessor-version":[{"id":20653,"href":"https:\/\/www.lejournalduforkane.com\/index.php\/wp-json\/wp\/v2\/posts\/20651\/revisions\/20653"}],"wp:attachment":[{"href":"https:\/\/www.lejournalduforkane.com\/index.php\/wp-json\/wp\/v2\/media?parent=20651"}],"wp:term":[{"taxonomy":"category","embeddable":true,"href":"https:\/\/www.lejournalduforkane.com\/index.php\/wp-json\/wp\/v2\/categories?post=20651"},{"taxonomy":"post_tag","embeddable":true,"href":"https:\/\/www.lejournalduforkane.com\/index.php\/wp-json\/wp\/v2\/tags?post=20651"}],"curies":[{"name":"wp","href":"https:\/\/api.w.org\/{rel}","templated":true}]}}