
{"id":20666,"date":"2018-06-12T17:15:28","date_gmt":"2018-06-12T17:15:28","guid":{"rendered":"https:\/\/www.lejournalduforkane.com\/?p=20666"},"modified":"2018-06-13T17:15:38","modified_gmt":"2018-06-13T17:15:38","slug":"les-saoudiens-travaillent-maintenant-cote-a-cote-avec-les-israeliens-pour-faire-face-a-tous-les-problemes-de-la-region","status":"publish","type":"post","link":"https:\/\/www.lejournalduforkane.com\/index.php\/les-saoudiens-travaillent-maintenant-cote-a-cote-avec-les-israeliens-pour-faire-face-a-tous-les-problemes-de-la-region\/","title":{"rendered":"les saoudiens travaillent maintenant c\u00f4te \u00e0 c\u00f4te avec les isra\u00e9liens pour faire face \u00e0 tous les probl\u00e8mes de la r\u00e9gion"},"content":{"rendered":"<p><!--more--><\/p>\n<p>Le secr\u00e9taire d&rsquo;\u00e9tat am\u00e9ricain (Mike Bomus) : \u00ab\u00a0les saoudiens travaillent maintenant c\u00f4te \u00e0 c\u00f4te avec les isra\u00e9liens pour faire face \u00e0 tous les probl\u00e8mes de la r\u00e9gion\u00a0\u00bb<\/p>\n<p>Tout est dit ! Quelle trahison !!!<\/p>\n<p><iframe loading=\"lazy\" width=\"620\" height=\"405\" src=\"\/\/rutube.ru\/play\/embed\/11191490\" frameborder=\"0\" webkitAllowFullScreen mozallowfullscreen allowfullscreen><\/iframe><\/p>\n","protected":false},"excerpt":{"rendered":"Le secr\u00e9taire d'\u00e9tat am\u00e9ricain (Mike Bomus) : \"les saoudiens travaillent maintenant c\u00f4te \u00e0 c\u00f4te avec les isra\u00e9liens pour faire face \u00e0 tous les probl\u00e8mes de la r\u00e9gion\" Tout est dit","protected":false},"author":2,"featured_media":0,"comment_status":"closed","ping_status":"open","sticky":false,"template":"","format":"standard","meta":[],"categories":[49],"tags":[],"_links":{"self":[{"href":"https:\/\/www.lejournalduforkane.com\/index.php\/wp-json\/wp\/v2\/posts\/20666"}],"collection":[{"href":"https:\/\/www.lejournalduforkane.com\/index.php\/wp-json\/wp\/v2\/posts"}],"about":[{"href":"https:\/\/www.lejournalduforkane.com\/index.php\/wp-json\/wp\/v2\/types\/post"}],"author":[{"embeddable":true,"href":"https:\/\/www.lejournalduforkane.com\/index.php\/wp-json\/wp\/v2\/users\/2"}],"replies":[{"embeddable":true,"href":"https:\/\/www.lejournalduforkane.com\/index.php\/wp-json\/wp\/v2\/comments?post=20666"}],"version-history":[{"count":1,"href":"https:\/\/www.lejournalduforkane.com\/index.php\/wp-json\/wp\/v2\/posts\/20666\/revisions"}],"predecessor-version":[{"id":20668,"href":"https:\/\/www.lejournalduforkane.com\/index.php\/wp-json\/wp\/v2\/posts\/20666\/revisions\/20668"}],"wp:attachment":[{"href":"https:\/\/www.lejournalduforkane.com\/index.php\/wp-json\/wp\/v2\/media?parent=20666"}],"wp:term":[{"taxonomy":"category","embeddable":true,"href":"https:\/\/www.lejournalduforkane.com\/index.php\/wp-json\/wp\/v2\/categories?post=20666"},{"taxonomy":"post_tag","embeddable":true,"href":"https:\/\/www.lejournalduforkane.com\/index.php\/wp-json\/wp\/v2\/tags?post=20666"}],"curies":[{"name":"wp","href":"https:\/\/api.w.org\/{rel}","templated":true}]}}