
{"id":20669,"date":"2018-06-13T17:19:00","date_gmt":"2018-06-13T17:19:00","guid":{"rendered":"https:\/\/www.lejournalduforkane.com\/?p=20669"},"modified":"2018-06-13T17:19:00","modified_gmt":"2018-06-13T17:19:00","slug":"bashar-al-assad-a-declare-que-israel-etait-en-panique-apres-la-defaite-des-terroristes-quelle-soutenait","status":"publish","type":"post","link":"https:\/\/www.lejournalduforkane.com\/index.php\/bashar-al-assad-a-declare-que-israel-etait-en-panique-apres-la-defaite-des-terroristes-quelle-soutenait\/","title":{"rendered":"Bashar Al Assad a d\u00e9clar\u00e9 que Isra\u00ebl \u00e9tait en panique apr\u00e8s la d\u00e9faite des terroristes qu&rsquo;elle soutenait"},"content":{"rendered":"<p><!--more--><\/p>\n<p>Entretien exclusif\u26a1<\/p>\n<p>Dans une r\u00e9cente interview le pr\u00e9sident de la R\u00e9publique Arabe Syrienne Bashar Al Assad a d\u00e9clar\u00e9 que Isra\u00ebl \u00e9tait en panique apr\u00e8s la d\u00e9faite des terroristes qu&rsquo;elle soutenait.<\/p>\n<p>Veuillez partager cette publication et liker notre page \u00ab\u00a0Ali Dani\u00a0\u00bb<\/p>\n<p><iframe loading=\"lazy\" width=\"720\" height=\"405\" src=\"\/\/rutube.ru\/play\/embed\/11191495\" frameborder=\"0\" webkitAllowFullScreen mozallowfullscreen allowfullscreen><\/iframe><\/p>\n","protected":false},"excerpt":{"rendered":"Entretien exclusif\u26a1 Dans une r\u00e9cente interview le pr\u00e9sident de la R\u00e9publique Arabe Syrienne Bashar Al Assad a d\u00e9clar\u00e9 que Isra\u00ebl \u00e9tait en panique apr\u00e8s la d\u00e9faite des terroristes qu'elle soutenait.","protected":false},"author":2,"featured_media":0,"comment_status":"closed","ping_status":"open","sticky":false,"template":"","format":"standard","meta":[],"categories":[49],"tags":[],"_links":{"self":[{"href":"https:\/\/www.lejournalduforkane.com\/index.php\/wp-json\/wp\/v2\/posts\/20669"}],"collection":[{"href":"https:\/\/www.lejournalduforkane.com\/index.php\/wp-json\/wp\/v2\/posts"}],"about":[{"href":"https:\/\/www.lejournalduforkane.com\/index.php\/wp-json\/wp\/v2\/types\/post"}],"author":[{"embeddable":true,"href":"https:\/\/www.lejournalduforkane.com\/index.php\/wp-json\/wp\/v2\/users\/2"}],"replies":[{"embeddable":true,"href":"https:\/\/www.lejournalduforkane.com\/index.php\/wp-json\/wp\/v2\/comments?post=20669"}],"version-history":[{"count":1,"href":"https:\/\/www.lejournalduforkane.com\/index.php\/wp-json\/wp\/v2\/posts\/20669\/revisions"}],"predecessor-version":[{"id":20671,"href":"https:\/\/www.lejournalduforkane.com\/index.php\/wp-json\/wp\/v2\/posts\/20669\/revisions\/20671"}],"wp:attachment":[{"href":"https:\/\/www.lejournalduforkane.com\/index.php\/wp-json\/wp\/v2\/media?parent=20669"}],"wp:term":[{"taxonomy":"category","embeddable":true,"href":"https:\/\/www.lejournalduforkane.com\/index.php\/wp-json\/wp\/v2\/categories?post=20669"},{"taxonomy":"post_tag","embeddable":true,"href":"https:\/\/www.lejournalduforkane.com\/index.php\/wp-json\/wp\/v2\/tags?post=20669"}],"curies":[{"name":"wp","href":"https:\/\/api.w.org\/{rel}","templated":true}]}}