
{"id":20672,"date":"2018-06-13T17:21:58","date_gmt":"2018-06-13T17:21:58","guid":{"rendered":"https:\/\/www.lejournalduforkane.com\/?p=20672"},"modified":"2018-06-13T17:21:58","modified_gmt":"2018-06-13T17:21:58","slug":"hassan-nasrallah-a-lance-un-sos-et-a-demande-aux-musulmans-denvoyer-de-largent-en-palestine-meme-si-la-somme-est-petite","status":"publish","type":"post","link":"https:\/\/www.lejournalduforkane.com\/index.php\/hassan-nasrallah-a-lance-un-sos-et-a-demande-aux-musulmans-denvoyer-de-largent-en-palestine-meme-si-la-somme-est-petite\/","title":{"rendered":"Hassan Nasrallah a lanc\u00e9 un SOS et a demand\u00e9 aux Musulmans d&rsquo;envoyer de l&rsquo;argent en Palestine m\u00eame si la somme est petite"},"content":{"rendered":"<p><!--more--><\/p>\n<p>Hassan Nasrallah a lanc\u00e9 un SOS et a demand\u00e9 aux Musulmans d&rsquo;envoyer de l&rsquo;argent en Palestine m\u00eame si la somme est petite.<\/p>\n<p>\u00ab Un peu d&rsquo;argent d&rsquo;ici et de l\u00e0, c&rsquo;est comme des gouttes d&rsquo;eau qui peuvent devenir des torrents, des mers ou des oc\u00e9ans&#8230; A quelques jours de la f\u00eate de l&rsquo;A\u00efd al-Fitr, souvenez-vous de vos fr\u00e8res et s\u0153urs en Palestine. \u00bb Sayed Hassan Nasrallah<\/p>\n<p>Discours de Sayed Hassan Nasrallah pendant la Journ\u00e9e mondiale d&rsquo;Al-Quds en 2005<\/p>\n<p><iframe loading=\"lazy\" width=\"620\" height=\"405\" src=\"\/\/rutube.ru\/play\/embed\/11191501\" frameborder=\"0\" webkitAllowFullScreen mozallowfullscreen allowfullscreen><\/iframe><\/p>\n","protected":false},"excerpt":{"rendered":"Hassan Nasrallah a lanc\u00e9 un SOS et a demand\u00e9 aux Musulmans d'envoyer de l'argent en Palestine m\u00eame si la somme est petite. \u00ab Un peu d'argent d'ici et de l\u00e0,","protected":false},"author":2,"featured_media":0,"comment_status":"closed","ping_status":"open","sticky":false,"template":"","format":"standard","meta":[],"categories":[49],"tags":[],"_links":{"self":[{"href":"https:\/\/www.lejournalduforkane.com\/index.php\/wp-json\/wp\/v2\/posts\/20672"}],"collection":[{"href":"https:\/\/www.lejournalduforkane.com\/index.php\/wp-json\/wp\/v2\/posts"}],"about":[{"href":"https:\/\/www.lejournalduforkane.com\/index.php\/wp-json\/wp\/v2\/types\/post"}],"author":[{"embeddable":true,"href":"https:\/\/www.lejournalduforkane.com\/index.php\/wp-json\/wp\/v2\/users\/2"}],"replies":[{"embeddable":true,"href":"https:\/\/www.lejournalduforkane.com\/index.php\/wp-json\/wp\/v2\/comments?post=20672"}],"version-history":[{"count":1,"href":"https:\/\/www.lejournalduforkane.com\/index.php\/wp-json\/wp\/v2\/posts\/20672\/revisions"}],"predecessor-version":[{"id":20674,"href":"https:\/\/www.lejournalduforkane.com\/index.php\/wp-json\/wp\/v2\/posts\/20672\/revisions\/20674"}],"wp:attachment":[{"href":"https:\/\/www.lejournalduforkane.com\/index.php\/wp-json\/wp\/v2\/media?parent=20672"}],"wp:term":[{"taxonomy":"category","embeddable":true,"href":"https:\/\/www.lejournalduforkane.com\/index.php\/wp-json\/wp\/v2\/categories?post=20672"},{"taxonomy":"post_tag","embeddable":true,"href":"https:\/\/www.lejournalduforkane.com\/index.php\/wp-json\/wp\/v2\/tags?post=20672"}],"curies":[{"name":"wp","href":"https:\/\/api.w.org\/{rel}","templated":true}]}}