
{"id":20698,"date":"2018-06-17T19:41:42","date_gmt":"2018-06-17T19:41:42","guid":{"rendered":"https:\/\/www.lejournalduforkane.com\/?p=20698"},"modified":"2018-06-17T19:41:42","modified_gmt":"2018-06-17T19:41:42","slug":"bachar-al-assad-sur-le-role-de-la-russie-en-syrie-et-la-question-des-s-300","status":"publish","type":"post","link":"https:\/\/www.lejournalduforkane.com\/index.php\/bachar-al-assad-sur-le-role-de-la-russie-en-syrie-et-la-question-des-s-300\/","title":{"rendered":"BACHAR AL-ASSAD SUR LE R\u00d4LE DE LA RUSSIE EN SYRIE ET LA QUESTION DES S-300"},"content":{"rendered":"<p><!--more--><\/p>\n<p>BACHAR AL-ASSAD SUR LE R\u00d4LE DE LA RUSSIE EN SYRIE ET LA QUESTION DES S-300<\/p>\n<p>Interview du Pr\u00e9sident Bachar al-Assad avec la tablo\u00efd britannique Mail on Sunday, le 10 juin 2018.<\/p>\n<p><iframe loading=\"lazy\" width=\"620\" height=\"405\" src=\"\/\/rutube.ru\/play\/embed\/11199178\" frameborder=\"0\" webkitAllowFullScreen mozallowfullscreen allowfullscreen><\/iframe><\/p>\n","protected":false},"excerpt":{"rendered":"BACHAR AL-ASSAD SUR LE R\u00d4LE DE LA RUSSIE EN SYRIE ET LA QUESTION DES S-300 Interview du Pr\u00e9sident Bachar al-Assad avec la tablo\u00efd britannique Mail on Sunday, le 10 juin","protected":false},"author":2,"featured_media":0,"comment_status":"closed","ping_status":"open","sticky":false,"template":"","format":"standard","meta":[],"categories":[49],"tags":[],"_links":{"self":[{"href":"https:\/\/www.lejournalduforkane.com\/index.php\/wp-json\/wp\/v2\/posts\/20698"}],"collection":[{"href":"https:\/\/www.lejournalduforkane.com\/index.php\/wp-json\/wp\/v2\/posts"}],"about":[{"href":"https:\/\/www.lejournalduforkane.com\/index.php\/wp-json\/wp\/v2\/types\/post"}],"author":[{"embeddable":true,"href":"https:\/\/www.lejournalduforkane.com\/index.php\/wp-json\/wp\/v2\/users\/2"}],"replies":[{"embeddable":true,"href":"https:\/\/www.lejournalduforkane.com\/index.php\/wp-json\/wp\/v2\/comments?post=20698"}],"version-history":[{"count":1,"href":"https:\/\/www.lejournalduforkane.com\/index.php\/wp-json\/wp\/v2\/posts\/20698\/revisions"}],"predecessor-version":[{"id":20700,"href":"https:\/\/www.lejournalduforkane.com\/index.php\/wp-json\/wp\/v2\/posts\/20698\/revisions\/20700"}],"wp:attachment":[{"href":"https:\/\/www.lejournalduforkane.com\/index.php\/wp-json\/wp\/v2\/media?parent=20698"}],"wp:term":[{"taxonomy":"category","embeddable":true,"href":"https:\/\/www.lejournalduforkane.com\/index.php\/wp-json\/wp\/v2\/categories?post=20698"},{"taxonomy":"post_tag","embeddable":true,"href":"https:\/\/www.lejournalduforkane.com\/index.php\/wp-json\/wp\/v2\/tags?post=20698"}],"curies":[{"name":"wp","href":"https:\/\/api.w.org\/{rel}","templated":true}]}}