
{"id":20732,"date":"2018-06-21T11:54:58","date_gmt":"2018-06-21T11:54:58","guid":{"rendered":"https:\/\/www.lejournalduforkane.com\/?p=20732"},"modified":"2018-06-21T11:54:58","modified_gmt":"2018-06-21T11:54:58","slug":"voici-lenfant-palestinien-zakaria-bashbash-13-ans-qui-a-succombe-a-ses-blessures-lundi-pendant-la-grande-marche-du-retour","status":"publish","type":"post","link":"https:\/\/www.lejournalduforkane.com\/index.php\/voici-lenfant-palestinien-zakaria-bashbash-13-ans-qui-a-succombe-a-ses-blessures-lundi-pendant-la-grande-marche-du-retour\/","title":{"rendered":"Voici l&rsquo;enfant Palestinien Zakaria Bashbash, 13 ans, qui a succomb\u00e9 \u00e0 ses blessures lundi pendant la grande marche du retour"},"content":{"rendered":"<p><!--more--><\/p>\n<p>Voici l&rsquo;enfant Palestinien Zakaria Bashbash, 13 ans, qui a succomb\u00e9 \u00e0 ses blessures lundi pendant la grande marche du retour.<\/p>\n<p>La vid\u00e9o suivante montre le moment o\u00f9 un sniper isra\u00e9lien tire dans le dos du jeune Zakaria.<\/p>\n<p>Zakaria est mort, agonisant tandis que le monde reste silencieux sur la terreur isra\u00e9lienne.<\/p>\n<p><iframe loading=\"lazy\" width=\"620\" height=\"405\" src=\"\/\/rutube.ru\/play\/embed\/11205883\" frameborder=\"0\" webkitAllowFullScreen mozallowfullscreen allowfullscreen><\/iframe><\/p>\n","protected":false},"excerpt":{"rendered":"Voici l'enfant Palestinien Zakaria Bashbash, 13 ans, qui a succomb\u00e9 \u00e0 ses blessures lundi pendant la grande marche du retour. La vid\u00e9o suivante montre le moment o\u00f9 un sniper isra\u00e9lien","protected":false},"author":2,"featured_media":0,"comment_status":"closed","ping_status":"open","sticky":false,"template":"","format":"standard","meta":[],"categories":[49],"tags":[],"_links":{"self":[{"href":"https:\/\/www.lejournalduforkane.com\/index.php\/wp-json\/wp\/v2\/posts\/20732"}],"collection":[{"href":"https:\/\/www.lejournalduforkane.com\/index.php\/wp-json\/wp\/v2\/posts"}],"about":[{"href":"https:\/\/www.lejournalduforkane.com\/index.php\/wp-json\/wp\/v2\/types\/post"}],"author":[{"embeddable":true,"href":"https:\/\/www.lejournalduforkane.com\/index.php\/wp-json\/wp\/v2\/users\/2"}],"replies":[{"embeddable":true,"href":"https:\/\/www.lejournalduforkane.com\/index.php\/wp-json\/wp\/v2\/comments?post=20732"}],"version-history":[{"count":1,"href":"https:\/\/www.lejournalduforkane.com\/index.php\/wp-json\/wp\/v2\/posts\/20732\/revisions"}],"predecessor-version":[{"id":20734,"href":"https:\/\/www.lejournalduforkane.com\/index.php\/wp-json\/wp\/v2\/posts\/20732\/revisions\/20734"}],"wp:attachment":[{"href":"https:\/\/www.lejournalduforkane.com\/index.php\/wp-json\/wp\/v2\/media?parent=20732"}],"wp:term":[{"taxonomy":"category","embeddable":true,"href":"https:\/\/www.lejournalduforkane.com\/index.php\/wp-json\/wp\/v2\/categories?post=20732"},{"taxonomy":"post_tag","embeddable":true,"href":"https:\/\/www.lejournalduforkane.com\/index.php\/wp-json\/wp\/v2\/tags?post=20732"}],"curies":[{"name":"wp","href":"https:\/\/api.w.org\/{rel}","templated":true}]}}