
{"id":20744,"date":"2018-06-23T16:15:20","date_gmt":"2018-06-23T16:15:20","guid":{"rendered":"https:\/\/www.lejournalduforkane.com\/?p=20744"},"modified":"2018-06-24T14:30:36","modified_gmt":"2018-06-24T14:30:36","slug":"dublin-est-devenue-la-premiere-capitale-europeenne-qui-soutient-la-cause-palestinienne","status":"publish","type":"post","link":"https:\/\/www.lejournalduforkane.com\/index.php\/dublin-est-devenue-la-premiere-capitale-europeenne-qui-soutient-la-cause-palestinienne\/","title":{"rendered":"Dublin est devenue la premi\u00e8re capitale europ\u00e9enne qui soutient la cause palestinienne."},"content":{"rendered":"<p><!--more--><\/p>\n<p>Dublin est devenue la premi\u00e8re capitale europ\u00e9enne qui soutient la cause palestinienne.<br \/>\nRegardez ses derni\u00e8res activit\u00e9s.<\/p>\n<p><iframe loading=\"lazy\" width=\"620\" height=\"405\" src=\"\/\/rutube.ru\/play\/embed\/11210648\" frameborder=\"0\" webkitAllowFullScreen mozallowfullscreen allowfullscreen><\/iframe><\/p>\n","protected":false},"excerpt":{"rendered":"Dublin est devenue la premi\u00e8re capitale europ\u00e9enne qui soutient la cause palestinienne. Regardez ses derni\u00e8res activit\u00e9s.","protected":false},"author":2,"featured_media":0,"comment_status":"closed","ping_status":"open","sticky":false,"template":"","format":"standard","meta":[],"categories":[49],"tags":[],"_links":{"self":[{"href":"https:\/\/www.lejournalduforkane.com\/index.php\/wp-json\/wp\/v2\/posts\/20744"}],"collection":[{"href":"https:\/\/www.lejournalduforkane.com\/index.php\/wp-json\/wp\/v2\/posts"}],"about":[{"href":"https:\/\/www.lejournalduforkane.com\/index.php\/wp-json\/wp\/v2\/types\/post"}],"author":[{"embeddable":true,"href":"https:\/\/www.lejournalduforkane.com\/index.php\/wp-json\/wp\/v2\/users\/2"}],"replies":[{"embeddable":true,"href":"https:\/\/www.lejournalduforkane.com\/index.php\/wp-json\/wp\/v2\/comments?post=20744"}],"version-history":[{"count":3,"href":"https:\/\/www.lejournalduforkane.com\/index.php\/wp-json\/wp\/v2\/posts\/20744\/revisions"}],"predecessor-version":[{"id":20749,"href":"https:\/\/www.lejournalduforkane.com\/index.php\/wp-json\/wp\/v2\/posts\/20744\/revisions\/20749"}],"wp:attachment":[{"href":"https:\/\/www.lejournalduforkane.com\/index.php\/wp-json\/wp\/v2\/media?parent=20744"}],"wp:term":[{"taxonomy":"category","embeddable":true,"href":"https:\/\/www.lejournalduforkane.com\/index.php\/wp-json\/wp\/v2\/categories?post=20744"},{"taxonomy":"post_tag","embeddable":true,"href":"https:\/\/www.lejournalduforkane.com\/index.php\/wp-json\/wp\/v2\/tags?post=20744"}],"curies":[{"name":"wp","href":"https:\/\/api.w.org\/{rel}","templated":true}]}}