
{"id":2079,"date":"2017-06-22T17:55:03","date_gmt":"2017-06-22T17:55:03","guid":{"rendered":"https:\/\/www.lejournalduforkane.com\/?p=2079"},"modified":"2019-01-07T19:51:26","modified_gmt":"2019-01-07T19:51:26","slug":"la-chute-de-la-maison-al-saoud1","status":"publish","type":"post","link":"https:\/\/www.lejournalduforkane.com\/index.php\/la-chute-de-la-maison-al-saoud1\/","title":{"rendered":"Les h\u00e9r\u00e9tiques (09)"},"content":{"rendered":"<div>\n<p style=\"text-align: justify;\">Les probl\u00e8mes que l\u2019Arabie rencontre, sont le pr\u00e9texte \u00e0 un effondrement total de la dynastie corrompue des Al-Saoud.<!--more--> Il y a de plus en plus de contestations au sein du pouvoir et des protestations pacifiques dans les rues, notamment pour la lib\u00e9ration des prisonniers politiques. Elles sont encore non violentes\u2026 Les manifestations sont tant chiites que sunnites. Ce que cachent les autorit\u00e9s dont le tr\u00f4ne vacille. La <img loading=\"lazy\" class=\"wp-image-2080 size-medium alignleft\" title=\"King Abdullah\" src=\"https:\/\/www.lejournalduforkane.com\/wp-content\/uploads\/2013\/04\/h\u00e9r\u00e9tique-300x165.jpg\" alt=\"\" width=\"300\" height=\"165\" \/>police b\u00e9douine tire \u00e0 balles r\u00e9elles et torture les bless\u00e9s. Les \u00e9tudiants manifestent et sont r\u00e9prim\u00e9s comme \u00e0 Abha et Qatif. Des protestataires sont massacr\u00e9s. La r\u00e9pression n\u2019\u00e9pargne pas la capital Riyad en l\u2019occurrence l\u2019Universit\u00e9 de Riyad.<\/p>\n<p style=\"text-align: justify;\">L\u2019\u00e9conomie qui est pr\u00eate de s\u2019effondrer, entra\u00eene de plus en plus de suicides et 2 millions de ch\u00f4meurs. 2 h\u00e9ritiers du tr\u00f4ne sont d\u00e9j\u00e0 morts. Une lutte pour le pouvoir est pr\u00eate d\u2019\u00e9clater au grand jour. M\u00eame le r\u00e9cemment nomm\u00e9 chef des renseignements, Bandar ben Sultan, veut diriger le royaume. Washington le soutien. Si le roi Abdallah meurt, ce sera l\u2019effondrement de la maison Al-Saoud. Devant l\u2019\u00e9chec de la politique int\u00e9rieure, les Al-Saoud pense compenser par des attaques contre les Musulmans <a href=\"http:\/\/158.255.2.50\/wp-content\/uploads\/2013\/04\/H9.jpg\"><img loading=\"lazy\" class=\" size-medium wp-image-7919 alignright\" src=\"http:\/\/158.255.2.50\/wp-content\/uploads\/2013\/04\/H9-300x157.jpg\" alt=\"H9\" width=\"300\" height=\"157\" srcset=\"https:\/\/www.lejournalduforkane.com\/wp-content\/uploads\/2013\/04\/H9-300x157.jpg 300w, https:\/\/www.lejournalduforkane.com\/wp-content\/uploads\/2013\/04\/H9.jpg 419w\" sizes=\"(max-width: 300px) 100vw, 300px\" \/><\/a>de la r\u00e9gion pour s\u2019attirer les bonnes gr\u00e2ces des sionistes.<\/p>\n<p style=\"text-align: justify;\">\u00a0L\u2019Union Europ\u00e9enne prend des sanctions contre le p\u00e9trole iranien, et les Am\u00e9ricains demandent \u00e0 l\u2019Arabie d\u2019augmenter sa production pour fournir la Chine qui d\u00e8s lors n\u2019aura plus besoin de celui de l\u2019Iran. Ce qui devrait \u00eatre fait par les plus tra\u00eetres saoudiens. Depuis plus d\u2019un an, l\u2019Arabie envoie des milliers de soldats pour r\u00e9primer la R\u00e9volution au Bahre\u00efn. Elle proc\u00e8de aux pires massacres. Personne n\u2019est \u00e9pargn\u00e9. Les femmes et les enfants sont assassin\u00e9s. On tue dans les h\u00f4pitaux. La Ligue Arabe a d\u00e9l\u00e9gu\u00e9 200 observateurs en Syrie pour \u00e9valuer la situation\u00a0: Bachar Al-Assad est irr\u00e9prochable.\u00a0 L\u2019Arabie retire ses observateurs sans explication.<\/p>\n<p style=\"text-align: justify;\">Des images montrent des p\u00e8res qui vendent aux ench\u00e8res leurs fils pour des attentats suicides en Irak comme en Syrie et ce, dans la joie\u00a0: le prix peut s\u2019\u00e9lever \u00e0 1 millions de rials. La conf\u00e9rence de l\u2019OCI \u00e0 la Mecque ne donne rien \u00e0 part l\u2019exclusion de la Syrie de cette organisation. Mais il en faut bien davantage pour amadouer les sionistes\u00a0: au Hedjaz, un groupe arm\u00e9, les \u00ab\u00a0Fr\u00e8res croyants\u00a0\u00bb (Ikhwan Al-Mouminin) d\u00e9clare la guerre aux Al-Saoud et promet des attentas \u00e0 la Mecque. D\u00e9j\u00e0 comme un responsable qatari s\u2019est r\u00e9fugi\u00e9 au Venezuela, une princesse d\u2019Arabie demande l\u2019asile politique en Grande Bretagne.<\/p>\n<p>&nbsp;<\/p>\n<p align=\"center\"><strong>Al-Mahdi donnera le coup de gr\u00e2ce \u00e0 cette famille corrompue qui a usurp\u00e9 aux descendants du grand Proph\u00e8te (P), la gestion des lieux saints.<\/strong><\/p>\n<\/div>\n<p><strong><br clear=\"all\" \/> <\/strong><\/p>\n","protected":false},"excerpt":{"rendered":"<p>Les probl\u00e8mes que l\u2019Arabie rencontre, sont le pr\u00e9texte \u00e0 un effondrement total de la dynastie corrompue des Al-Saoud.<\/p>\n","protected":false},"author":2,"featured_media":0,"comment_status":"open","ping_status":"closed","sticky":false,"template":"","format":"standard","meta":[],"categories":[],"tags":[],"_links":{"self":[{"href":"https:\/\/www.lejournalduforkane.com\/index.php\/wp-json\/wp\/v2\/posts\/2079"}],"collection":[{"href":"https:\/\/www.lejournalduforkane.com\/index.php\/wp-json\/wp\/v2\/posts"}],"about":[{"href":"https:\/\/www.lejournalduforkane.com\/index.php\/wp-json\/wp\/v2\/types\/post"}],"author":[{"embeddable":true,"href":"https:\/\/www.lejournalduforkane.com\/index.php\/wp-json\/wp\/v2\/users\/2"}],"replies":[{"embeddable":true,"href":"https:\/\/www.lejournalduforkane.com\/index.php\/wp-json\/wp\/v2\/comments?post=2079"}],"version-history":[{"count":3,"href":"https:\/\/www.lejournalduforkane.com\/index.php\/wp-json\/wp\/v2\/posts\/2079\/revisions"}],"predecessor-version":[{"id":14628,"href":"https:\/\/www.lejournalduforkane.com\/index.php\/wp-json\/wp\/v2\/posts\/2079\/revisions\/14628"}],"wp:attachment":[{"href":"https:\/\/www.lejournalduforkane.com\/index.php\/wp-json\/wp\/v2\/media?parent=2079"}],"wp:term":[{"taxonomy":"category","embeddable":true,"href":"https:\/\/www.lejournalduforkane.com\/index.php\/wp-json\/wp\/v2\/categories?post=2079"},{"taxonomy":"post_tag","embeddable":true,"href":"https:\/\/www.lejournalduforkane.com\/index.php\/wp-json\/wp\/v2\/tags?post=2079"}],"curies":[{"name":"wp","href":"https:\/\/api.w.org\/{rel}","templated":true}]}}