
{"id":20804,"date":"2018-06-30T20:01:23","date_gmt":"2018-06-30T20:01:23","guid":{"rendered":"https:\/\/www.lejournalduforkane.com\/?p=20804"},"modified":"2018-06-30T20:01:23","modified_gmt":"2018-06-30T20:01:23","slug":"2-maghrebins-courageux-denoncent-limam-de-la-mecque-a-geneve","status":"publish","type":"post","link":"https:\/\/www.lejournalduforkane.com\/index.php\/2-maghrebins-courageux-denoncent-limam-de-la-mecque-a-geneve\/","title":{"rendered":"2 maghr\u00e9bins courageux d\u00e9noncent l\u2019imam de la Mecque \u00e0 Gen\u00e8ve"},"content":{"rendered":"<p><!--more--><\/p>\n<p>2 maghr\u00e9bins courageux d\u00e9noncent l\u2019imam de la Mecque \u00e0 Gen\u00e8ve<\/p>\n<p>Abdul Rahman Al-Sudais, a \u00e9t\u00e9 pris \u00e0 partie par 2 jeunes maghr\u00e9bins dans une mosqu\u00e9e \u00e0 Gen\u00e8ve, alors qu&rsquo;il donnait une conf\u00e9rence.<\/p>\n<p>\u00abOn s&rsquo;en remet \u00e0 Dieu \u00e0 votre sujet [\u2026] vous soutenez les Al Saoud et vous allez rendre compte devant Dieu le jour du jugement dernier [\u2026] nul ne doit \u00e9coute ni ob\u00e9issance aux esclaves de l&rsquo;Am\u00e9rique [\u2026] Dieu vient en aide \u00e0 un \u00c9tat juste m\u00eame s&rsquo;il est idol\u00e2tre [\u2026] c&rsquo;est vous les tyrans\u00bb a dit l&rsquo;un des 2 hommes.<\/p>\n<p>Les Musulmans doivent d\u00e9noncer la tyrannie de cet \u00c9tat tra\u00eetre et maudit<\/p>\n<p><iframe loading=\"lazy\" width=\"620\" height=\"405\" src=\"\/\/rutube.ru\/play\/embed\/11225045\" frameborder=\"0\" webkitAllowFullScreen mozallowfullscreen allowfullscreen><\/iframe><\/p>\n","protected":false},"excerpt":{"rendered":"2 maghr\u00e9bins courageux d\u00e9noncent l\u2019imam de la Mecque \u00e0 Gen\u00e8ve Abdul Rahman Al-Sudais, a \u00e9t\u00e9 pris \u00e0 partie par 2 jeunes maghr\u00e9bins dans une mosqu\u00e9e \u00e0 Gen\u00e8ve, alors qu'il donnait","protected":false},"author":2,"featured_media":0,"comment_status":"closed","ping_status":"open","sticky":false,"template":"","format":"standard","meta":[],"categories":[49],"tags":[],"_links":{"self":[{"href":"https:\/\/www.lejournalduforkane.com\/index.php\/wp-json\/wp\/v2\/posts\/20804"}],"collection":[{"href":"https:\/\/www.lejournalduforkane.com\/index.php\/wp-json\/wp\/v2\/posts"}],"about":[{"href":"https:\/\/www.lejournalduforkane.com\/index.php\/wp-json\/wp\/v2\/types\/post"}],"author":[{"embeddable":true,"href":"https:\/\/www.lejournalduforkane.com\/index.php\/wp-json\/wp\/v2\/users\/2"}],"replies":[{"embeddable":true,"href":"https:\/\/www.lejournalduforkane.com\/index.php\/wp-json\/wp\/v2\/comments?post=20804"}],"version-history":[{"count":1,"href":"https:\/\/www.lejournalduforkane.com\/index.php\/wp-json\/wp\/v2\/posts\/20804\/revisions"}],"predecessor-version":[{"id":20806,"href":"https:\/\/www.lejournalduforkane.com\/index.php\/wp-json\/wp\/v2\/posts\/20804\/revisions\/20806"}],"wp:attachment":[{"href":"https:\/\/www.lejournalduforkane.com\/index.php\/wp-json\/wp\/v2\/media?parent=20804"}],"wp:term":[{"taxonomy":"category","embeddable":true,"href":"https:\/\/www.lejournalduforkane.com\/index.php\/wp-json\/wp\/v2\/categories?post=20804"},{"taxonomy":"post_tag","embeddable":true,"href":"https:\/\/www.lejournalduforkane.com\/index.php\/wp-json\/wp\/v2\/tags?post=20804"}],"curies":[{"name":"wp","href":"https:\/\/api.w.org\/{rel}","templated":true}]}}