
{"id":20821,"date":"2018-07-01T18:44:11","date_gmt":"2018-07-01T18:44:11","guid":{"rendered":"https:\/\/www.lejournalduforkane.com\/?p=20821"},"modified":"2018-07-01T18:44:11","modified_gmt":"2018-07-01T18:44:11","slug":"enorme-rassemblement-dans-la-capitale-sanaa-en-soutien-a-hodeidah-contre-linvasion-americano-saoudienne-sur-la-cote-ouest","status":"publish","type":"post","link":"https:\/\/www.lejournalduforkane.com\/index.php\/enorme-rassemblement-dans-la-capitale-sanaa-en-soutien-a-hodeidah-contre-linvasion-americano-saoudienne-sur-la-cote-ouest\/","title":{"rendered":"Enorme rassemblement dans la capitale Sanaa en soutien \u00e0 Hodeidah contre l&rsquo;invasion am\u00e9ricano-saoudienne sur la c\u00f4te ouest."},"content":{"rendered":"<p><!--more--><\/p>\n<p>Enorme rassemblement dans la capitale Sanaa en soutien \u00e0 Hodeidah contre l&rsquo;invasion am\u00e9ricano-saoudienne sur la c\u00f4te ouest.<br \/>\nComment peut-on vaincre une telle nation ?<\/p>\n<p>Les manifestants scandent \u00a0\u00bb prot\u00e9ger le port de Hodeidah est notre responsabilit\u00e9.\u00a0\u00bb<\/p>\n<p><iframe loading=\"lazy\" width=\"620\" height=\"405\" src=\"\/\/rutube.ru\/play\/embed\/11226612\" frameborder=\"0\" webkitAllowFullScreen mozallowfullscreen allowfullscreen><\/iframe><\/p>\n","protected":false},"excerpt":{"rendered":"Enorme rassemblement dans la capitale Sanaa en soutien \u00e0 Hodeidah contre l'invasion am\u00e9ricano-saoudienne sur la c\u00f4te ouest. Comment peut-on vaincre une telle nation ? Les manifestants scandent \" prot\u00e9ger le","protected":false},"author":2,"featured_media":0,"comment_status":"closed","ping_status":"open","sticky":false,"template":"","format":"standard","meta":[],"categories":[49],"tags":[],"_links":{"self":[{"href":"https:\/\/www.lejournalduforkane.com\/index.php\/wp-json\/wp\/v2\/posts\/20821"}],"collection":[{"href":"https:\/\/www.lejournalduforkane.com\/index.php\/wp-json\/wp\/v2\/posts"}],"about":[{"href":"https:\/\/www.lejournalduforkane.com\/index.php\/wp-json\/wp\/v2\/types\/post"}],"author":[{"embeddable":true,"href":"https:\/\/www.lejournalduforkane.com\/index.php\/wp-json\/wp\/v2\/users\/2"}],"replies":[{"embeddable":true,"href":"https:\/\/www.lejournalduforkane.com\/index.php\/wp-json\/wp\/v2\/comments?post=20821"}],"version-history":[{"count":2,"href":"https:\/\/www.lejournalduforkane.com\/index.php\/wp-json\/wp\/v2\/posts\/20821\/revisions"}],"predecessor-version":[{"id":20824,"href":"https:\/\/www.lejournalduforkane.com\/index.php\/wp-json\/wp\/v2\/posts\/20821\/revisions\/20824"}],"wp:attachment":[{"href":"https:\/\/www.lejournalduforkane.com\/index.php\/wp-json\/wp\/v2\/media?parent=20821"}],"wp:term":[{"taxonomy":"category","embeddable":true,"href":"https:\/\/www.lejournalduforkane.com\/index.php\/wp-json\/wp\/v2\/categories?post=20821"},{"taxonomy":"post_tag","embeddable":true,"href":"https:\/\/www.lejournalduforkane.com\/index.php\/wp-json\/wp\/v2\/tags?post=20821"}],"curies":[{"name":"wp","href":"https:\/\/api.w.org\/{rel}","templated":true}]}}