
{"id":20825,"date":"2018-07-01T18:48:03","date_gmt":"2018-07-01T18:48:03","guid":{"rendered":"https:\/\/www.lejournalduforkane.com\/?p=20825"},"modified":"2018-07-01T18:48:03","modified_gmt":"2018-07-01T18:48:03","slug":"regardez-larmee-arabe-syrienne-a-trouve-des-armes-israeliennes-dans-les-regions-quelle-a-liberees-dans-la-province-de-deraa","status":"publish","type":"post","link":"https:\/\/www.lejournalduforkane.com\/index.php\/regardez-larmee-arabe-syrienne-a-trouve-des-armes-israeliennes-dans-les-regions-quelle-a-liberees-dans-la-province-de-deraa\/","title":{"rendered":"Regardez l\u2019Arm\u00e9e Arabe Syrienne a trouv\u00e9 des armes isra\u00e9liennes dans les r\u00e9gions qu\u2019elle a lib\u00e9r\u00e9es dans la province de Deraa"},"content":{"rendered":"<p><!--more--><\/p>\n<p>Regardez l\u2019Arm\u00e9e Arabe Syrienne a trouv\u00e9 des armes isra\u00e9liennes dans les r\u00e9gions qu\u2019elle a lib\u00e9r\u00e9es dans la province de Deraa, au sud-est de la Syrie..<\/p>\n<p>Ali Dani et le Journal du Forkane ont \u00e9t\u00e9 les 1ers \u00e0 montrer la collusion entre sionisme et salafisme\u2026<\/p>\n<p>Aujourd\u2019hui, seuls les salafistes qui sont des ignorants et des extr\u00e9mistes remettent en cause ce fait.<\/p>\n<p><iframe loading=\"lazy\" width=\"720\" height=\"405\" src=\"\/\/rutube.ru\/play\/embed\/11226616\" frameborder=\"0\" webkitAllowFullScreen mozallowfullscreen allowfullscreen><\/iframe><\/p>\n","protected":false},"excerpt":{"rendered":"Regardez l\u2019Arm\u00e9e Arabe Syrienne a trouv\u00e9 des armes isra\u00e9liennes dans les r\u00e9gions qu\u2019elle a lib\u00e9r\u00e9es dans la province de Deraa, au sud-est de la Syrie.. Ali Dani et le Journal","protected":false},"author":2,"featured_media":0,"comment_status":"closed","ping_status":"open","sticky":false,"template":"","format":"standard","meta":[],"categories":[49],"tags":[],"_links":{"self":[{"href":"https:\/\/www.lejournalduforkane.com\/index.php\/wp-json\/wp\/v2\/posts\/20825"}],"collection":[{"href":"https:\/\/www.lejournalduforkane.com\/index.php\/wp-json\/wp\/v2\/posts"}],"about":[{"href":"https:\/\/www.lejournalduforkane.com\/index.php\/wp-json\/wp\/v2\/types\/post"}],"author":[{"embeddable":true,"href":"https:\/\/www.lejournalduforkane.com\/index.php\/wp-json\/wp\/v2\/users\/2"}],"replies":[{"embeddable":true,"href":"https:\/\/www.lejournalduforkane.com\/index.php\/wp-json\/wp\/v2\/comments?post=20825"}],"version-history":[{"count":2,"href":"https:\/\/www.lejournalduforkane.com\/index.php\/wp-json\/wp\/v2\/posts\/20825\/revisions"}],"predecessor-version":[{"id":20828,"href":"https:\/\/www.lejournalduforkane.com\/index.php\/wp-json\/wp\/v2\/posts\/20825\/revisions\/20828"}],"wp:attachment":[{"href":"https:\/\/www.lejournalduforkane.com\/index.php\/wp-json\/wp\/v2\/media?parent=20825"}],"wp:term":[{"taxonomy":"category","embeddable":true,"href":"https:\/\/www.lejournalduforkane.com\/index.php\/wp-json\/wp\/v2\/categories?post=20825"},{"taxonomy":"post_tag","embeddable":true,"href":"https:\/\/www.lejournalduforkane.com\/index.php\/wp-json\/wp\/v2\/tags?post=20825"}],"curies":[{"name":"wp","href":"https:\/\/api.w.org\/{rel}","templated":true}]}}