
{"id":20829,"date":"2018-07-03T15:20:56","date_gmt":"2018-07-03T15:20:56","guid":{"rendered":"https:\/\/www.lejournalduforkane.com\/?p=20829"},"modified":"2018-07-03T15:20:56","modified_gmt":"2018-07-03T15:20:56","slug":"maradona-je-suis-le-plus-grand-fan-du-peuple-palestinien-je-les-respecte-et-je-compatis-avec-eux","status":"publish","type":"post","link":"https:\/\/www.lejournalduforkane.com\/index.php\/maradona-je-suis-le-plus-grand-fan-du-peuple-palestinien-je-les-respecte-et-je-compatis-avec-eux\/","title":{"rendered":"MARADONA:  je suis le plus grand fan du peuple palestinien. Je les respecte et je compatis avec eux"},"content":{"rendered":"<p><!--more--><\/p>\n<p>Le grand et ancien entra\u00eeneur de l&rsquo;Argentine, Diego Maradona, a \u00e9t\u00e9 l&rsquo;un des partisans constants de la cause palestinienne. En 2012, il a dit : \u00a0\u00bb je suis le plus grand fan du peuple palestinien. Je les respecte et je compatis avec eux \u00a0\u00bb<\/p>\n<p><iframe loading=\"lazy\" width=\"620\" height=\"405\" src=\"\/\/rutube.ru\/play\/embed\/11230642\" frameborder=\"0\" webkitAllowFullScreen mozallowfullscreen allowfullscreen><\/iframe><\/p>\n","protected":false},"excerpt":{"rendered":"Le grand et ancien entra\u00eeneur de l'Argentine, Diego Maradona, a \u00e9t\u00e9 l'un des partisans constants de la cause palestinienne. En 2012, il a dit : \" je suis le plus","protected":false},"author":2,"featured_media":0,"comment_status":"closed","ping_status":"open","sticky":false,"template":"","format":"standard","meta":[],"categories":[49],"tags":[],"_links":{"self":[{"href":"https:\/\/www.lejournalduforkane.com\/index.php\/wp-json\/wp\/v2\/posts\/20829"}],"collection":[{"href":"https:\/\/www.lejournalduforkane.com\/index.php\/wp-json\/wp\/v2\/posts"}],"about":[{"href":"https:\/\/www.lejournalduforkane.com\/index.php\/wp-json\/wp\/v2\/types\/post"}],"author":[{"embeddable":true,"href":"https:\/\/www.lejournalduforkane.com\/index.php\/wp-json\/wp\/v2\/users\/2"}],"replies":[{"embeddable":true,"href":"https:\/\/www.lejournalduforkane.com\/index.php\/wp-json\/wp\/v2\/comments?post=20829"}],"version-history":[{"count":2,"href":"https:\/\/www.lejournalduforkane.com\/index.php\/wp-json\/wp\/v2\/posts\/20829\/revisions"}],"predecessor-version":[{"id":20832,"href":"https:\/\/www.lejournalduforkane.com\/index.php\/wp-json\/wp\/v2\/posts\/20829\/revisions\/20832"}],"wp:attachment":[{"href":"https:\/\/www.lejournalduforkane.com\/index.php\/wp-json\/wp\/v2\/media?parent=20829"}],"wp:term":[{"taxonomy":"category","embeddable":true,"href":"https:\/\/www.lejournalduforkane.com\/index.php\/wp-json\/wp\/v2\/categories?post=20829"},{"taxonomy":"post_tag","embeddable":true,"href":"https:\/\/www.lejournalduforkane.com\/index.php\/wp-json\/wp\/v2\/tags?post=20829"}],"curies":[{"name":"wp","href":"https:\/\/api.w.org\/{rel}","templated":true}]}}