
{"id":20842,"date":"2018-07-03T15:34:27","date_gmt":"2018-07-03T15:34:27","guid":{"rendered":"https:\/\/www.lejournalduforkane.com\/?p=20842"},"modified":"2018-07-03T15:34:27","modified_gmt":"2018-07-03T15:34:27","slug":"les-saoudiens-ont-incendie-la-voiture-dune-saoudienne-pour-montrer-leur-protestation-contre-le-droit-de-conduire-des-femmes","status":"publish","type":"post","link":"https:\/\/www.lejournalduforkane.com\/index.php\/les-saoudiens-ont-incendie-la-voiture-dune-saoudienne-pour-montrer-leur-protestation-contre-le-droit-de-conduire-des-femmes\/","title":{"rendered":"Les Saoudiens ont incendi\u00e9 la voiture d&rsquo;une saoudienne pour montrer leur protestation contre le droit de conduire des femmes !"},"content":{"rendered":"<p><!--more--><\/p>\n<p>La Mecque hier soir<br \/>\nLes Saoudiens ont incendi\u00e9 la voiture d&rsquo;une saoudienne pour montrer leur protestation contre le droit de conduire des femmes !<br \/>\nC&rsquo;est la soci\u00e9t\u00e9 qui est faite sous le r\u00e9gime des Al Saoud !<\/p>\n<p><iframe loading=\"lazy\" width=\"620\" height=\"405\" src=\"\/\/rutube.ru\/play\/embed\/11230665\" frameborder=\"0\" webkitAllowFullScreen mozallowfullscreen allowfullscreen><\/iframe><\/p>\n","protected":false},"excerpt":{"rendered":"La Mecque hier soir Les Saoudiens ont incendi\u00e9 la voiture d'une saoudienne pour montrer leur protestation contre le droit de conduire des femmes ! C'est la soci\u00e9t\u00e9 qui est faite","protected":false},"author":2,"featured_media":0,"comment_status":"closed","ping_status":"open","sticky":false,"template":"","format":"standard","meta":[],"categories":[49],"tags":[],"_links":{"self":[{"href":"https:\/\/www.lejournalduforkane.com\/index.php\/wp-json\/wp\/v2\/posts\/20842"}],"collection":[{"href":"https:\/\/www.lejournalduforkane.com\/index.php\/wp-json\/wp\/v2\/posts"}],"about":[{"href":"https:\/\/www.lejournalduforkane.com\/index.php\/wp-json\/wp\/v2\/types\/post"}],"author":[{"embeddable":true,"href":"https:\/\/www.lejournalduforkane.com\/index.php\/wp-json\/wp\/v2\/users\/2"}],"replies":[{"embeddable":true,"href":"https:\/\/www.lejournalduforkane.com\/index.php\/wp-json\/wp\/v2\/comments?post=20842"}],"version-history":[{"count":1,"href":"https:\/\/www.lejournalduforkane.com\/index.php\/wp-json\/wp\/v2\/posts\/20842\/revisions"}],"predecessor-version":[{"id":20844,"href":"https:\/\/www.lejournalduforkane.com\/index.php\/wp-json\/wp\/v2\/posts\/20842\/revisions\/20844"}],"wp:attachment":[{"href":"https:\/\/www.lejournalduforkane.com\/index.php\/wp-json\/wp\/v2\/media?parent=20842"}],"wp:term":[{"taxonomy":"category","embeddable":true,"href":"https:\/\/www.lejournalduforkane.com\/index.php\/wp-json\/wp\/v2\/categories?post=20842"},{"taxonomy":"post_tag","embeddable":true,"href":"https:\/\/www.lejournalduforkane.com\/index.php\/wp-json\/wp\/v2\/tags?post=20842"}],"curies":[{"name":"wp","href":"https:\/\/api.w.org\/{rel}","templated":true}]}}