
{"id":20848,"date":"2018-07-06T16:04:26","date_gmt":"2018-07-06T16:04:26","guid":{"rendered":"https:\/\/www.lejournalduforkane.com\/?p=20848"},"modified":"2018-07-06T16:04:26","modified_gmt":"2018-07-06T16:04:26","slug":"vous-devez-tous-regarder-cette-video-pour-savoir-ce-que-la-coalition-saoudienne-et-ses-avions-de-combat-font-subir-a-hodeidah-yemen","status":"publish","type":"post","link":"https:\/\/www.lejournalduforkane.com\/index.php\/vous-devez-tous-regarder-cette-video-pour-savoir-ce-que-la-coalition-saoudienne-et-ses-avions-de-combat-font-subir-a-hodeidah-yemen\/","title":{"rendered":"Vous devez tous regarder cette vid\u00e9o pour savoir ce que la coalition saoudienne et ses avions de combat font subir \u00e0 Hodeidah &#8211; Y\u00e9men"},"content":{"rendered":"<p><!--more--><br \/>\nVous devez tous regarder cette vid\u00e9o pour savoir ce que la coalition saoudienne et ses avions de combat font subir \u00e0 Hodeidah &#8211; Y\u00e9men<\/p>\n<p>Film\u00e9 \u00e0 la cam\u00e9ra : les avions frappent une mosqu\u00e9e, des maisons et une \u00e9cole \u00e0 Zabid City (zabid est un site du patrimoine mondial de l&rsquo;Unesco depuis 1993) \u00e0 Hodeida Ouest Yemen.<\/p>\n<p><iframe loading=\"lazy\" width=\"620\" height=\"405\" src=\"\/\/rutube.ru\/play\/embed\/11236160\" frameborder=\"0\" webkitAllowFullScreen mozallowfullscreen allowfullscreen><\/iframe><\/p>\n","protected":false},"excerpt":{"rendered":"Vous devez tous regarder cette vid\u00e9o pour savoir ce que la coalition saoudienne et ses avions de combat font subir \u00e0 Hodeidah - Y\u00e9men Film\u00e9 \u00e0 la cam\u00e9ra : les","protected":false},"author":2,"featured_media":0,"comment_status":"closed","ping_status":"open","sticky":false,"template":"","format":"standard","meta":[],"categories":[49],"tags":[],"_links":{"self":[{"href":"https:\/\/www.lejournalduforkane.com\/index.php\/wp-json\/wp\/v2\/posts\/20848"}],"collection":[{"href":"https:\/\/www.lejournalduforkane.com\/index.php\/wp-json\/wp\/v2\/posts"}],"about":[{"href":"https:\/\/www.lejournalduforkane.com\/index.php\/wp-json\/wp\/v2\/types\/post"}],"author":[{"embeddable":true,"href":"https:\/\/www.lejournalduforkane.com\/index.php\/wp-json\/wp\/v2\/users\/2"}],"replies":[{"embeddable":true,"href":"https:\/\/www.lejournalduforkane.com\/index.php\/wp-json\/wp\/v2\/comments?post=20848"}],"version-history":[{"count":1,"href":"https:\/\/www.lejournalduforkane.com\/index.php\/wp-json\/wp\/v2\/posts\/20848\/revisions"}],"predecessor-version":[{"id":20850,"href":"https:\/\/www.lejournalduforkane.com\/index.php\/wp-json\/wp\/v2\/posts\/20848\/revisions\/20850"}],"wp:attachment":[{"href":"https:\/\/www.lejournalduforkane.com\/index.php\/wp-json\/wp\/v2\/media?parent=20848"}],"wp:term":[{"taxonomy":"category","embeddable":true,"href":"https:\/\/www.lejournalduforkane.com\/index.php\/wp-json\/wp\/v2\/categories?post=20848"},{"taxonomy":"post_tag","embeddable":true,"href":"https:\/\/www.lejournalduforkane.com\/index.php\/wp-json\/wp\/v2\/tags?post=20848"}],"curies":[{"name":"wp","href":"https:\/\/api.w.org\/{rel}","templated":true}]}}