
{"id":20867,"date":"2018-07-08T17:28:24","date_gmt":"2018-07-08T17:28:24","guid":{"rendered":"https:\/\/www.lejournalduforkane.com\/?p=20867"},"modified":"2018-07-08T17:28:24","modified_gmt":"2018-07-08T17:28:24","slug":"information-qui-est-passee-inapercue-en-france-bateaux-de-la-liberte-pour-gaza-interdits-a-paris","status":"publish","type":"post","link":"https:\/\/www.lejournalduforkane.com\/index.php\/information-qui-est-passee-inapercue-en-france-bateaux-de-la-liberte-pour-gaza-interdits-a-paris\/","title":{"rendered":"INFORMATION QUI EST PASS\u00c9E INAPER\u00c7UE EN FRANCE : Bateaux de la libert\u00e9 pour Gaza interdits \u00e0 Paris"},"content":{"rendered":"<p><!--more--><\/p>\n<p>INFORMATION QUI EST PASS\u00c9E INAPER\u00c7UE EN FRANCE : Bateaux de la libert\u00e9 pour Gaza interdits \u00e0 Paris<\/p>\n<p><iframe loading=\"lazy\" width=\"620\" height=\"405\" src=\"\/\/rutube.ru\/play\/embed\/11239320\" frameborder=\"0\" webkitAllowFullScreen mozallowfullscreen allowfullscreen><\/iframe><\/p>\n","protected":false},"excerpt":{"rendered":"INFORMATION QUI EST PASS\u00c9E INAPER\u00c7UE EN FRANCE : Bateaux de la libert\u00e9 pour Gaza interdits \u00e0 Paris","protected":false},"author":2,"featured_media":0,"comment_status":"closed","ping_status":"open","sticky":false,"template":"","format":"standard","meta":[],"categories":[49],"tags":[],"_links":{"self":[{"href":"https:\/\/www.lejournalduforkane.com\/index.php\/wp-json\/wp\/v2\/posts\/20867"}],"collection":[{"href":"https:\/\/www.lejournalduforkane.com\/index.php\/wp-json\/wp\/v2\/posts"}],"about":[{"href":"https:\/\/www.lejournalduforkane.com\/index.php\/wp-json\/wp\/v2\/types\/post"}],"author":[{"embeddable":true,"href":"https:\/\/www.lejournalduforkane.com\/index.php\/wp-json\/wp\/v2\/users\/2"}],"replies":[{"embeddable":true,"href":"https:\/\/www.lejournalduforkane.com\/index.php\/wp-json\/wp\/v2\/comments?post=20867"}],"version-history":[{"count":1,"href":"https:\/\/www.lejournalduforkane.com\/index.php\/wp-json\/wp\/v2\/posts\/20867\/revisions"}],"predecessor-version":[{"id":20869,"href":"https:\/\/www.lejournalduforkane.com\/index.php\/wp-json\/wp\/v2\/posts\/20867\/revisions\/20869"}],"wp:attachment":[{"href":"https:\/\/www.lejournalduforkane.com\/index.php\/wp-json\/wp\/v2\/media?parent=20867"}],"wp:term":[{"taxonomy":"category","embeddable":true,"href":"https:\/\/www.lejournalduforkane.com\/index.php\/wp-json\/wp\/v2\/categories?post=20867"},{"taxonomy":"post_tag","embeddable":true,"href":"https:\/\/www.lejournalduforkane.com\/index.php\/wp-json\/wp\/v2\/tags?post=20867"}],"curies":[{"name":"wp","href":"https:\/\/api.w.org\/{rel}","templated":true}]}}