
{"id":20888,"date":"2018-07-10T13:58:07","date_gmt":"2018-07-10T13:58:07","guid":{"rendered":"https:\/\/www.lejournalduforkane.com\/?p=20888"},"modified":"2018-07-12T16:06:08","modified_gmt":"2018-07-12T16:06:08","slug":"regardez-ce-qui-se-passe-au-bahrein-ces-jours-ci","status":"publish","type":"post","link":"https:\/\/www.lejournalduforkane.com\/index.php\/regardez-ce-qui-se-passe-au-bahrein-ces-jours-ci\/","title":{"rendered":"Regardez ce qui se passe au Bahre\u00efn ces jours-ci !"},"content":{"rendered":"<p><!--more--><\/p>\n<p>Les organisations de d\u00e9fense des droits de l&rsquo;homme peuvent s&rsquo;exprimer contre Assad surtout quand il met les terroristes sous pression et pr\u00e8s de les vaincre !<\/p>\n<p>Sous la censure intense des m\u00e9dias, avec le soutien de l&rsquo;Arabie Saoudite, le r\u00e9gime tyrannique du Bahre\u00efn est en train de mener la r\u00e9pression la plus s\u00e9v\u00e8re contre le peuple Bahre\u00efni.<\/p>\n<p><iframe loading=\"lazy\" width=\"620\" height=\"405\" src=\"\/\/rutube.ru\/play\/embed\/11246854\" frameborder=\"0\" webkitAllowFullScreen mozallowfullscreen allowfullscreen><\/iframe><\/p>\n","protected":false},"excerpt":{"rendered":"Les organisations de d\u00e9fense des droits de l'homme peuvent s'exprimer contre Assad surtout quand il met les terroristes sous pression et pr\u00e8s de les vaincre ! Sous la censure intense","protected":false},"author":2,"featured_media":0,"comment_status":"closed","ping_status":"open","sticky":false,"template":"","format":"standard","meta":[],"categories":[49],"tags":[],"_links":{"self":[{"href":"https:\/\/www.lejournalduforkane.com\/index.php\/wp-json\/wp\/v2\/posts\/20888"}],"collection":[{"href":"https:\/\/www.lejournalduforkane.com\/index.php\/wp-json\/wp\/v2\/posts"}],"about":[{"href":"https:\/\/www.lejournalduforkane.com\/index.php\/wp-json\/wp\/v2\/types\/post"}],"author":[{"embeddable":true,"href":"https:\/\/www.lejournalduforkane.com\/index.php\/wp-json\/wp\/v2\/users\/2"}],"replies":[{"embeddable":true,"href":"https:\/\/www.lejournalduforkane.com\/index.php\/wp-json\/wp\/v2\/comments?post=20888"}],"version-history":[{"count":3,"href":"https:\/\/www.lejournalduforkane.com\/index.php\/wp-json\/wp\/v2\/posts\/20888\/revisions"}],"predecessor-version":[{"id":20903,"href":"https:\/\/www.lejournalduforkane.com\/index.php\/wp-json\/wp\/v2\/posts\/20888\/revisions\/20903"}],"wp:attachment":[{"href":"https:\/\/www.lejournalduforkane.com\/index.php\/wp-json\/wp\/v2\/media?parent=20888"}],"wp:term":[{"taxonomy":"category","embeddable":true,"href":"https:\/\/www.lejournalduforkane.com\/index.php\/wp-json\/wp\/v2\/categories?post=20888"},{"taxonomy":"post_tag","embeddable":true,"href":"https:\/\/www.lejournalduforkane.com\/index.php\/wp-json\/wp\/v2\/tags?post=20888"}],"curies":[{"name":"wp","href":"https:\/\/api.w.org\/{rel}","templated":true}]}}