
{"id":20898,"date":"2018-07-10T14:04:38","date_gmt":"2018-07-10T14:04:38","guid":{"rendered":"https:\/\/www.lejournalduforkane.com\/?p=20898"},"modified":"2018-07-10T14:04:38","modified_gmt":"2018-07-10T14:04:38","slug":"moscou-cest-loccident-civilise-qui-a-repandu-le-terrorisme-dans-le-monde-musulman","status":"publish","type":"post","link":"https:\/\/www.lejournalduforkane.com\/index.php\/moscou-cest-loccident-civilise-qui-a-repandu-le-terrorisme-dans-le-monde-musulman\/","title":{"rendered":"MOSCOU : C\u2019EST L\u2019OCCIDENT \u00ab CIVILIS\u00c9 \u00bb QUI A REPANDU LE TERRORISME DANS LE MONDE MUSULMAN"},"content":{"rendered":"<p><!--more--><\/p>\n<p> MOSCOU : C\u2019EST L\u2019OCCIDENT \u00ab CIVILIS\u00c9 \u00bb QUI A REPANDU LE TERRORISME DANS LE MONDE MUSULMAN<\/p>\n<p>Interview du Ministre russe des Affaires \u00e9trang\u00e8res Sergue\u00ef Lavrov \u00e0 la cha\u00eene britannique Channel 4, Moscou, 29 juin 2018.<\/p>\n<p><iframe loading=\"lazy\" width=\"620\" height=\"405\" src=\"\/\/rutube.ru\/play\/embed\/11242892\" frameborder=\"0\" webkitAllowFullScreen mozallowfullscreen allowfullscreen><\/iframe><\/p>\n","protected":false},"excerpt":{"rendered":"MOSCOU : C\u2019EST L\u2019OCCIDENT \u00ab CIVILIS\u00c9 \u00bb QUI A REPANDU LE TERRORISME DANS LE MONDE MUSULMAN Interview du Ministre russe des Affaires \u00e9trang\u00e8res Sergue\u00ef Lavrov \u00e0 la cha\u00eene britannique Channel","protected":false},"author":2,"featured_media":0,"comment_status":"closed","ping_status":"open","sticky":false,"template":"","format":"standard","meta":[],"categories":[49],"tags":[],"_links":{"self":[{"href":"https:\/\/www.lejournalduforkane.com\/index.php\/wp-json\/wp\/v2\/posts\/20898"}],"collection":[{"href":"https:\/\/www.lejournalduforkane.com\/index.php\/wp-json\/wp\/v2\/posts"}],"about":[{"href":"https:\/\/www.lejournalduforkane.com\/index.php\/wp-json\/wp\/v2\/types\/post"}],"author":[{"embeddable":true,"href":"https:\/\/www.lejournalduforkane.com\/index.php\/wp-json\/wp\/v2\/users\/2"}],"replies":[{"embeddable":true,"href":"https:\/\/www.lejournalduforkane.com\/index.php\/wp-json\/wp\/v2\/comments?post=20898"}],"version-history":[{"count":1,"href":"https:\/\/www.lejournalduforkane.com\/index.php\/wp-json\/wp\/v2\/posts\/20898\/revisions"}],"predecessor-version":[{"id":20900,"href":"https:\/\/www.lejournalduforkane.com\/index.php\/wp-json\/wp\/v2\/posts\/20898\/revisions\/20900"}],"wp:attachment":[{"href":"https:\/\/www.lejournalduforkane.com\/index.php\/wp-json\/wp\/v2\/media?parent=20898"}],"wp:term":[{"taxonomy":"category","embeddable":true,"href":"https:\/\/www.lejournalduforkane.com\/index.php\/wp-json\/wp\/v2\/categories?post=20898"},{"taxonomy":"post_tag","embeddable":true,"href":"https:\/\/www.lejournalduforkane.com\/index.php\/wp-json\/wp\/v2\/tags?post=20898"}],"curies":[{"name":"wp","href":"https:\/\/api.w.org\/{rel}","templated":true}]}}