
{"id":20908,"date":"2018-07-12T16:29:30","date_gmt":"2018-07-12T16:29:30","guid":{"rendered":"https:\/\/www.lejournalduforkane.com\/?p=20908"},"modified":"2018-07-12T16:29:30","modified_gmt":"2018-07-12T16:29:30","slug":"hassan-nasrallah-le-hezbollah-est-pret-a-affronter-la-coalition-saoudienne-au-yemen","status":"publish","type":"post","link":"https:\/\/www.lejournalduforkane.com\/index.php\/hassan-nasrallah-le-hezbollah-est-pret-a-affronter-la-coalition-saoudienne-au-yemen\/","title":{"rendered":"HASSAN NASRALLAH : LE HEZBOLLAH EST PRET A AFFRONTER LA COALITION SAOUDIENNE AU Y\u00c9MEN"},"content":{"rendered":"<p><!--more--><\/p>\n<p>HASSAN NASRALLAH : LE HEZBOLLAH EST PRET A AFFRONTER LA COALITION SAOUDIENNE AU Y\u00c9MEN<\/p>\n<p>Discours de Sayed Hassan Nasrallah, Secr\u00e9taire G\u00e9n\u00e9ral du Hezbollah, le 29 juin 2018.<\/p>\n<p><iframe loading=\"lazy\" width=\"620\" height=\"405\" src=\"\/\/rutube.ru\/play\/embed\/11246863\" frameborder=\"0\" webkitAllowFullScreen mozallowfullscreen allowfullscreen><\/iframe><\/p>\n","protected":false},"excerpt":{"rendered":"HASSAN NASRALLAH : LE HEZBOLLAH EST PRET A AFFRONTER LA COALITION SAOUDIENNE AU Y\u00c9MEN Discours de Sayed Hassan Nasrallah, Secr\u00e9taire G\u00e9n\u00e9ral du Hezbollah, le 29 juin 2018.","protected":false},"author":2,"featured_media":0,"comment_status":"closed","ping_status":"open","sticky":false,"template":"","format":"standard","meta":[],"categories":[49],"tags":[],"_links":{"self":[{"href":"https:\/\/www.lejournalduforkane.com\/index.php\/wp-json\/wp\/v2\/posts\/20908"}],"collection":[{"href":"https:\/\/www.lejournalduforkane.com\/index.php\/wp-json\/wp\/v2\/posts"}],"about":[{"href":"https:\/\/www.lejournalduforkane.com\/index.php\/wp-json\/wp\/v2\/types\/post"}],"author":[{"embeddable":true,"href":"https:\/\/www.lejournalduforkane.com\/index.php\/wp-json\/wp\/v2\/users\/2"}],"replies":[{"embeddable":true,"href":"https:\/\/www.lejournalduforkane.com\/index.php\/wp-json\/wp\/v2\/comments?post=20908"}],"version-history":[{"count":1,"href":"https:\/\/www.lejournalduforkane.com\/index.php\/wp-json\/wp\/v2\/posts\/20908\/revisions"}],"predecessor-version":[{"id":20913,"href":"https:\/\/www.lejournalduforkane.com\/index.php\/wp-json\/wp\/v2\/posts\/20908\/revisions\/20913"}],"wp:attachment":[{"href":"https:\/\/www.lejournalduforkane.com\/index.php\/wp-json\/wp\/v2\/media?parent=20908"}],"wp:term":[{"taxonomy":"category","embeddable":true,"href":"https:\/\/www.lejournalduforkane.com\/index.php\/wp-json\/wp\/v2\/categories?post=20908"},{"taxonomy":"post_tag","embeddable":true,"href":"https:\/\/www.lejournalduforkane.com\/index.php\/wp-json\/wp\/v2\/tags?post=20908"}],"curies":[{"name":"wp","href":"https:\/\/api.w.org\/{rel}","templated":true}]}}