
{"id":20917,"date":"2018-07-13T14:27:15","date_gmt":"2018-07-13T14:27:15","guid":{"rendered":"https:\/\/www.lejournalduforkane.com\/?p=20917"},"modified":"2018-07-13T14:27:15","modified_gmt":"2018-07-13T14:27:15","slug":"lirlande-peut-devenir-le-premier-pays-a-adopter-une-loi-qui-boycotte-les-marchandises-provenant-des-colonies-israeliennes-illegales-dans-les-territoires-occupes-de-palestine","status":"publish","type":"post","link":"https:\/\/www.lejournalduforkane.com\/index.php\/lirlande-peut-devenir-le-premier-pays-a-adopter-une-loi-qui-boycotte-les-marchandises-provenant-des-colonies-israeliennes-illegales-dans-les-territoires-occupes-de-palestine\/","title":{"rendered":"L&rsquo;Irlande peut devenir le premier pays \u00e0 adopter une loi qui boycotte les marchandises provenant des colonies isra\u00e9liennes ill\u00e9gales dans les territoires occup\u00e9s de Palestine !"},"content":{"rendered":"<p><!--more--><\/p>\n<p>L&rsquo;Irlande peut devenir le premier pays \u00e0 adopter une loi qui boycotte les marchandises provenant des colonies isra\u00e9liennes ill\u00e9gales dans les territoires occup\u00e9s de Palestine !<\/p>\n<p>Merci l&rsquo;Irlande !<\/p>\n<p><iframe loading=\"lazy\" width=\"620\" height=\"405\" src=\"\/\/rutube.ru\/play\/embed\/11248564\" frameborder=\"0\" webkitAllowFullScreen mozallowfullscreen allowfullscreen><\/iframe><\/p>\n","protected":false},"excerpt":{"rendered":"L'Irlande peut devenir le premier pays \u00e0 adopter une loi qui boycotte les marchandises provenant des colonies isra\u00e9liennes ill\u00e9gales dans les territoires occup\u00e9s de Palestine ! Merci l'Irlande !","protected":false},"author":2,"featured_media":0,"comment_status":"closed","ping_status":"open","sticky":false,"template":"","format":"standard","meta":[],"categories":[49],"tags":[],"_links":{"self":[{"href":"https:\/\/www.lejournalduforkane.com\/index.php\/wp-json\/wp\/v2\/posts\/20917"}],"collection":[{"href":"https:\/\/www.lejournalduforkane.com\/index.php\/wp-json\/wp\/v2\/posts"}],"about":[{"href":"https:\/\/www.lejournalduforkane.com\/index.php\/wp-json\/wp\/v2\/types\/post"}],"author":[{"embeddable":true,"href":"https:\/\/www.lejournalduforkane.com\/index.php\/wp-json\/wp\/v2\/users\/2"}],"replies":[{"embeddable":true,"href":"https:\/\/www.lejournalduforkane.com\/index.php\/wp-json\/wp\/v2\/comments?post=20917"}],"version-history":[{"count":1,"href":"https:\/\/www.lejournalduforkane.com\/index.php\/wp-json\/wp\/v2\/posts\/20917\/revisions"}],"predecessor-version":[{"id":20919,"href":"https:\/\/www.lejournalduforkane.com\/index.php\/wp-json\/wp\/v2\/posts\/20917\/revisions\/20919"}],"wp:attachment":[{"href":"https:\/\/www.lejournalduforkane.com\/index.php\/wp-json\/wp\/v2\/media?parent=20917"}],"wp:term":[{"taxonomy":"category","embeddable":true,"href":"https:\/\/www.lejournalduforkane.com\/index.php\/wp-json\/wp\/v2\/categories?post=20917"},{"taxonomy":"post_tag","embeddable":true,"href":"https:\/\/www.lejournalduforkane.com\/index.php\/wp-json\/wp\/v2\/tags?post=20917"}],"curies":[{"name":"wp","href":"https:\/\/api.w.org\/{rel}","templated":true}]}}