
{"id":20932,"date":"2018-07-15T15:23:40","date_gmt":"2018-07-15T15:23:40","guid":{"rendered":"https:\/\/www.lejournalduforkane.com\/?p=20932"},"modified":"2018-07-15T15:23:40","modified_gmt":"2018-07-15T15:23:40","slug":"londres-ces-jours-ci-les-saoudiens-et-des-emirats-enchaines-et-entre-les-mains-de-trump","status":"publish","type":"post","link":"https:\/\/www.lejournalduforkane.com\/index.php\/londres-ces-jours-ci-les-saoudiens-et-des-emirats-enchaines-et-entre-les-mains-de-trump\/","title":{"rendered":"Londres ces jours-ci ; Les saoudiens et des Emirats encha\u00een\u00e9s et entre les mains de Trump"},"content":{"rendered":"<p><!--more--><\/p>\n<p>Londres ces jours-ci ; Les saoudiens et des Emirats encha\u00een\u00e9s et entre les mains de Trump<\/p>\n<p>Les Londoniens ont d\u00e9peint les bellicistes et leurs vraies relations, dans un grand spectacle !<\/p>\n<p>\u00c7a aurait l&rsquo;air plus r\u00e9el si Trump \u00e9tait encha\u00een\u00e9 et \u00e9tait aussi entre les mains de Netanyahu !<\/p>\n<p><iframe loading=\"lazy\" width=\"620\" height=\"405\" src=\"\/\/rutube.ru\/play\/embed\/11251590\" frameborder=\"0\" webkitAllowFullScreen mozallowfullscreen allowfullscreen><\/iframe><\/p>\n","protected":false},"excerpt":{"rendered":"Londres ces jours-ci ; Les saoudiens et des Emirats encha\u00een\u00e9s et entre les mains de Trump Les Londoniens ont d\u00e9peint les bellicistes et leurs vraies relations, dans un grand spectacle","protected":false},"author":2,"featured_media":0,"comment_status":"closed","ping_status":"open","sticky":false,"template":"","format":"standard","meta":[],"categories":[49],"tags":[],"_links":{"self":[{"href":"https:\/\/www.lejournalduforkane.com\/index.php\/wp-json\/wp\/v2\/posts\/20932"}],"collection":[{"href":"https:\/\/www.lejournalduforkane.com\/index.php\/wp-json\/wp\/v2\/posts"}],"about":[{"href":"https:\/\/www.lejournalduforkane.com\/index.php\/wp-json\/wp\/v2\/types\/post"}],"author":[{"embeddable":true,"href":"https:\/\/www.lejournalduforkane.com\/index.php\/wp-json\/wp\/v2\/users\/2"}],"replies":[{"embeddable":true,"href":"https:\/\/www.lejournalduforkane.com\/index.php\/wp-json\/wp\/v2\/comments?post=20932"}],"version-history":[{"count":1,"href":"https:\/\/www.lejournalduforkane.com\/index.php\/wp-json\/wp\/v2\/posts\/20932\/revisions"}],"predecessor-version":[{"id":20934,"href":"https:\/\/www.lejournalduforkane.com\/index.php\/wp-json\/wp\/v2\/posts\/20932\/revisions\/20934"}],"wp:attachment":[{"href":"https:\/\/www.lejournalduforkane.com\/index.php\/wp-json\/wp\/v2\/media?parent=20932"}],"wp:term":[{"taxonomy":"category","embeddable":true,"href":"https:\/\/www.lejournalduforkane.com\/index.php\/wp-json\/wp\/v2\/categories?post=20932"},{"taxonomy":"post_tag","embeddable":true,"href":"https:\/\/www.lejournalduforkane.com\/index.php\/wp-json\/wp\/v2\/tags?post=20932"}],"curies":[{"name":"wp","href":"https:\/\/api.w.org\/{rel}","templated":true}]}}