
{"id":20978,"date":"2018-07-21T17:37:36","date_gmt":"2018-07-21T17:37:36","guid":{"rendered":"https:\/\/www.lejournalduforkane.com\/?p=20978"},"modified":"2018-07-21T17:37:36","modified_gmt":"2018-07-21T17:37:36","slug":"les-etats-unis-et-le-royaume-uni-ne-vendent-pas-seulement-des-bombes-aux-tyrans-saoudiens-mais-les-conseillent-la-ou-ils-doivent-frapper","status":"publish","type":"post","link":"https:\/\/www.lejournalduforkane.com\/index.php\/les-etats-unis-et-le-royaume-uni-ne-vendent-pas-seulement-des-bombes-aux-tyrans-saoudiens-mais-les-conseillent-la-ou-ils-doivent-frapper\/","title":{"rendered":"Les \u00c9tats-Unis et le Royaume-Uni ne vendent pas seulement des bombes aux tyrans saoudiens mais les conseillent l\u00e0 o\u00f9 ils doivent frapper !"},"content":{"rendered":"<p><!--more--><br \/>\nLes \u00c9tats-Unis et le Royaume-Uni ne vendent pas seulement des bombes aux tyrans saoudiens mais les conseillent l\u00e0 o\u00f9 ils doivent frapper !<\/p>\n<p>Nos enfants sont tu\u00e9s sans aucune culpabilit\u00e9.<\/p>\n<p>Une autre victime de crimes saoudiens, hier \u00e0 Saada &#8211; Yemen.<\/p>\n<div class=\"text_exposed_show\">\n<p>L\u2019Aviation Saoudienne massacre les enfants du Y\u00e9men depuis plus de 3 ans&#8230;Et le monde reste encore silencieux !<\/p>\n<\/div>\n<p><iframe loading=\"lazy\" width=\"620\" height=\"405\" src=\"\/\/rutube.ru\/play\/embed\/11265958\" frameborder=\"0\" webkitAllowFullScreen mozallowfullscreen allowfullscreen><\/iframe><\/p>\n","protected":false},"excerpt":{"rendered":"Les \u00c9tats-Unis et le Royaume-Uni ne vendent pas seulement des bombes aux tyrans saoudiens mais les conseillent l\u00e0 o\u00f9 ils doivent frapper ! Nos enfants sont tu\u00e9s sans aucune culpabilit\u00e9.","protected":false},"author":2,"featured_media":0,"comment_status":"closed","ping_status":"open","sticky":false,"template":"","format":"standard","meta":[],"categories":[49],"tags":[],"_links":{"self":[{"href":"https:\/\/www.lejournalduforkane.com\/index.php\/wp-json\/wp\/v2\/posts\/20978"}],"collection":[{"href":"https:\/\/www.lejournalduforkane.com\/index.php\/wp-json\/wp\/v2\/posts"}],"about":[{"href":"https:\/\/www.lejournalduforkane.com\/index.php\/wp-json\/wp\/v2\/types\/post"}],"author":[{"embeddable":true,"href":"https:\/\/www.lejournalduforkane.com\/index.php\/wp-json\/wp\/v2\/users\/2"}],"replies":[{"embeddable":true,"href":"https:\/\/www.lejournalduforkane.com\/index.php\/wp-json\/wp\/v2\/comments?post=20978"}],"version-history":[{"count":1,"href":"https:\/\/www.lejournalduforkane.com\/index.php\/wp-json\/wp\/v2\/posts\/20978\/revisions"}],"predecessor-version":[{"id":20980,"href":"https:\/\/www.lejournalduforkane.com\/index.php\/wp-json\/wp\/v2\/posts\/20978\/revisions\/20980"}],"wp:attachment":[{"href":"https:\/\/www.lejournalduforkane.com\/index.php\/wp-json\/wp\/v2\/media?parent=20978"}],"wp:term":[{"taxonomy":"category","embeddable":true,"href":"https:\/\/www.lejournalduforkane.com\/index.php\/wp-json\/wp\/v2\/categories?post=20978"},{"taxonomy":"post_tag","embeddable":true,"href":"https:\/\/www.lejournalduforkane.com\/index.php\/wp-json\/wp\/v2\/tags?post=20978"}],"curies":[{"name":"wp","href":"https:\/\/api.w.org\/{rel}","templated":true}]}}