
{"id":20981,"date":"2018-07-20T17:37:43","date_gmt":"2018-07-20T17:37:43","guid":{"rendered":"https:\/\/www.lejournalduforkane.com\/?p=20981"},"modified":"2018-07-21T17:41:14","modified_gmt":"2018-07-21T17:41:14","slug":"on-continue-a-massacrer-les-yemenites-dans-lindifference-totale","status":"publish","type":"post","link":"https:\/\/www.lejournalduforkane.com\/index.php\/on-continue-a-massacrer-les-yemenites-dans-lindifference-totale\/","title":{"rendered":"On continue \u00e0 massacrer les Y\u00e9menites dans l&rsquo;indiff\u00e9rence totale !!!"},"content":{"rendered":"<p><!--more--><\/p>\n<p>Les criminels de guerre am\u00e9ricano-saoudiens ont tu\u00e9s de sang froid au moins 7 civils y\u00e9m\u00e9nites en bombardant 1 maison et 2 voitures \u00e0 Zabaid, sur la c\u00f4te ouest.<\/p>\n<p>On continue \u00e0 massacrer les Y\u00e9menites dans l&rsquo;indiff\u00e9rence totale !!!<\/p>\n<p><iframe loading=\"lazy\" width=\"620\" height=\"405\" src=\"\/\/rutube.ru\/play\/embed\/11265965\" frameborder=\"0\" webkitAllowFullScreen mozallowfullscreen allowfullscreen><\/iframe><\/p>\n","protected":false},"excerpt":{"rendered":"Les criminels de guerre am\u00e9ricano-saoudiens ont tu\u00e9s de sang froid au moins 7 civils y\u00e9m\u00e9nites en bombardant 1 maison et 2 voitures \u00e0 Zabaid, sur la c\u00f4te ouest. On continue","protected":false},"author":2,"featured_media":0,"comment_status":"closed","ping_status":"open","sticky":false,"template":"","format":"standard","meta":[],"categories":[49],"tags":[],"_links":{"self":[{"href":"https:\/\/www.lejournalduforkane.com\/index.php\/wp-json\/wp\/v2\/posts\/20981"}],"collection":[{"href":"https:\/\/www.lejournalduforkane.com\/index.php\/wp-json\/wp\/v2\/posts"}],"about":[{"href":"https:\/\/www.lejournalduforkane.com\/index.php\/wp-json\/wp\/v2\/types\/post"}],"author":[{"embeddable":true,"href":"https:\/\/www.lejournalduforkane.com\/index.php\/wp-json\/wp\/v2\/users\/2"}],"replies":[{"embeddable":true,"href":"https:\/\/www.lejournalduforkane.com\/index.php\/wp-json\/wp\/v2\/comments?post=20981"}],"version-history":[{"count":1,"href":"https:\/\/www.lejournalduforkane.com\/index.php\/wp-json\/wp\/v2\/posts\/20981\/revisions"}],"predecessor-version":[{"id":20983,"href":"https:\/\/www.lejournalduforkane.com\/index.php\/wp-json\/wp\/v2\/posts\/20981\/revisions\/20983"}],"wp:attachment":[{"href":"https:\/\/www.lejournalduforkane.com\/index.php\/wp-json\/wp\/v2\/media?parent=20981"}],"wp:term":[{"taxonomy":"category","embeddable":true,"href":"https:\/\/www.lejournalduforkane.com\/index.php\/wp-json\/wp\/v2\/categories?post=20981"},{"taxonomy":"post_tag","embeddable":true,"href":"https:\/\/www.lejournalduforkane.com\/index.php\/wp-json\/wp\/v2\/tags?post=20981"}],"curies":[{"name":"wp","href":"https:\/\/api.w.org\/{rel}","templated":true}]}}