
{"id":21013,"date":"2018-07-22T08:57:46","date_gmt":"2018-07-22T08:57:46","guid":{"rendered":"https:\/\/www.lejournalduforkane.com\/?p=21013"},"modified":"2018-07-22T08:57:46","modified_gmt":"2018-07-22T08:57:46","slug":"video-les-femmes-et-les-enfants-palestiniens-paniquent-alors-que-les-avions-de-guerre-de-loccupation-israelienne-ont-attaque-plusieurs-sites-a-gaza","status":"publish","type":"post","link":"https:\/\/www.lejournalduforkane.com\/index.php\/video-les-femmes-et-les-enfants-palestiniens-paniquent-alors-que-les-avions-de-guerre-de-loccupation-israelienne-ont-attaque-plusieurs-sites-a-gaza\/","title":{"rendered":"Vid\u00e9o || Les femmes et les enfants palestiniens paniquent alors que les avions de guerre de l&rsquo;occupation isra\u00e9lienne ont attaqu\u00e9 plusieurs sites \u00e0 Gaza"},"content":{"rendered":"<p><!--more--><\/p>\n<p><iframe loading=\"lazy\" width=\"620\" height=\"405\" src=\"\/\/rutube.ru\/play\/embed\/11266695\" frameborder=\"0\" webkitAllowFullScreen mozallowfullscreen allowfullscreen><\/iframe><\/p>\n","protected":false},"excerpt":{"rendered":"","protected":false},"author":2,"featured_media":0,"comment_status":"closed","ping_status":"open","sticky":false,"template":"","format":"standard","meta":[],"categories":[49],"tags":[],"_links":{"self":[{"href":"https:\/\/www.lejournalduforkane.com\/index.php\/wp-json\/wp\/v2\/posts\/21013"}],"collection":[{"href":"https:\/\/www.lejournalduforkane.com\/index.php\/wp-json\/wp\/v2\/posts"}],"about":[{"href":"https:\/\/www.lejournalduforkane.com\/index.php\/wp-json\/wp\/v2\/types\/post"}],"author":[{"embeddable":true,"href":"https:\/\/www.lejournalduforkane.com\/index.php\/wp-json\/wp\/v2\/users\/2"}],"replies":[{"embeddable":true,"href":"https:\/\/www.lejournalduforkane.com\/index.php\/wp-json\/wp\/v2\/comments?post=21013"}],"version-history":[{"count":1,"href":"https:\/\/www.lejournalduforkane.com\/index.php\/wp-json\/wp\/v2\/posts\/21013\/revisions"}],"predecessor-version":[{"id":21015,"href":"https:\/\/www.lejournalduforkane.com\/index.php\/wp-json\/wp\/v2\/posts\/21013\/revisions\/21015"}],"wp:attachment":[{"href":"https:\/\/www.lejournalduforkane.com\/index.php\/wp-json\/wp\/v2\/media?parent=21013"}],"wp:term":[{"taxonomy":"category","embeddable":true,"href":"https:\/\/www.lejournalduforkane.com\/index.php\/wp-json\/wp\/v2\/categories?post=21013"},{"taxonomy":"post_tag","embeddable":true,"href":"https:\/\/www.lejournalduforkane.com\/index.php\/wp-json\/wp\/v2\/tags?post=21013"}],"curies":[{"name":"wp","href":"https:\/\/api.w.org\/{rel}","templated":true}]}}