
{"id":21016,"date":"2018-07-22T09:11:03","date_gmt":"2018-07-22T09:11:03","guid":{"rendered":"https:\/\/www.lejournalduforkane.com\/?p=21016"},"modified":"2018-07-22T09:11:03","modified_gmt":"2018-07-22T09:11:03","slug":"les-medias-occidentaux-et-les-medias-arabes-ne-vous-montrent-jamais-a-quel-point-bachar-al-assad-et-sa-femme-asma-sont-aimes-et-profondement-respectes-par-le-peuple-syrien","status":"publish","type":"post","link":"https:\/\/www.lejournalduforkane.com\/index.php\/les-medias-occidentaux-et-les-medias-arabes-ne-vous-montrent-jamais-a-quel-point-bachar-al-assad-et-sa-femme-asma-sont-aimes-et-profondement-respectes-par-le-peuple-syrien\/","title":{"rendered":"Les m\u00e9dias occidentaux et les m\u00e9dias arabes ne vous montrent jamais \u00e0 quel point Bachar al Assad et sa femme asma sont aim\u00e9s et profond\u00e9ment respect\u00e9s par le peuple syrien"},"content":{"rendered":"<p><!--more--><\/p>\n<p><iframe loading=\"lazy\" width=\"620\" height=\"405\" src=\"\/\/rutube.ru\/play\/embed\/11266715\" frameborder=\"0\" webkitAllowFullScreen mozallowfullscreen allowfullscreen><\/iframe><\/p>\n","protected":false},"excerpt":{"rendered":"","protected":false},"author":2,"featured_media":0,"comment_status":"closed","ping_status":"open","sticky":false,"template":"","format":"standard","meta":[],"categories":[49],"tags":[],"_links":{"self":[{"href":"https:\/\/www.lejournalduforkane.com\/index.php\/wp-json\/wp\/v2\/posts\/21016"}],"collection":[{"href":"https:\/\/www.lejournalduforkane.com\/index.php\/wp-json\/wp\/v2\/posts"}],"about":[{"href":"https:\/\/www.lejournalduforkane.com\/index.php\/wp-json\/wp\/v2\/types\/post"}],"author":[{"embeddable":true,"href":"https:\/\/www.lejournalduforkane.com\/index.php\/wp-json\/wp\/v2\/users\/2"}],"replies":[{"embeddable":true,"href":"https:\/\/www.lejournalduforkane.com\/index.php\/wp-json\/wp\/v2\/comments?post=21016"}],"version-history":[{"count":1,"href":"https:\/\/www.lejournalduforkane.com\/index.php\/wp-json\/wp\/v2\/posts\/21016\/revisions"}],"predecessor-version":[{"id":21018,"href":"https:\/\/www.lejournalduforkane.com\/index.php\/wp-json\/wp\/v2\/posts\/21016\/revisions\/21018"}],"wp:attachment":[{"href":"https:\/\/www.lejournalduforkane.com\/index.php\/wp-json\/wp\/v2\/media?parent=21016"}],"wp:term":[{"taxonomy":"category","embeddable":true,"href":"https:\/\/www.lejournalduforkane.com\/index.php\/wp-json\/wp\/v2\/categories?post=21016"},{"taxonomy":"post_tag","embeddable":true,"href":"https:\/\/www.lejournalduforkane.com\/index.php\/wp-json\/wp\/v2\/tags?post=21016"}],"curies":[{"name":"wp","href":"https:\/\/api.w.org\/{rel}","templated":true}]}}