
{"id":21026,"date":"2018-07-24T15:39:30","date_gmt":"2018-07-24T15:39:30","guid":{"rendered":"https:\/\/www.lejournalduforkane.com\/?p=21026"},"modified":"2018-07-24T15:39:30","modified_gmt":"2018-07-24T15:39:30","slug":"des-dizaines-disraeliens-barre-la-voie-a-un-chauffeur-de-taxi-palestinien-et-regardez-leurs-reactions","status":"publish","type":"post","link":"https:\/\/www.lejournalduforkane.com\/index.php\/des-dizaines-disraeliens-barre-la-voie-a-un-chauffeur-de-taxi-palestinien-et-regardez-leurs-reactions\/","title":{"rendered":"Des dizaines d&rsquo;isra\u00e9liens barre la voie \u00e0 un chauffeur de taxi palestinien et regardez leurs r\u00e9actions"},"content":{"rendered":"<p><!--more--><\/p>\n<p>Regardez : Des dizaines d&rsquo;isra\u00e9liens barre la voie \u00e0 un chauffeur de taxi palestinien et l&rsquo;intimident \u00e0 J\u00e9rusalem. Regardez leurs r\u00e9actions lorsque le conducteur d\u00e9cide de les affronter seul.<\/p>\n<p><iframe loading=\"lazy\" width=\"620\" height=\"405\" src=\"\/\/rutube.ru\/play\/embed\/11272215\" frameborder=\"0\" webkitAllowFullScreen mozallowfullscreen allowfullscreen><\/iframe><\/p>\n","protected":false},"excerpt":{"rendered":"Regardez : Des dizaines d'isra\u00e9liens barre la voie \u00e0 un chauffeur de taxi palestinien et l'intimident \u00e0 J\u00e9rusalem. Regardez leurs r\u00e9actions lorsque le conducteur d\u00e9cide de les affronter seul.","protected":false},"author":2,"featured_media":0,"comment_status":"closed","ping_status":"open","sticky":false,"template":"","format":"standard","meta":[],"categories":[49],"tags":[],"_links":{"self":[{"href":"https:\/\/www.lejournalduforkane.com\/index.php\/wp-json\/wp\/v2\/posts\/21026"}],"collection":[{"href":"https:\/\/www.lejournalduforkane.com\/index.php\/wp-json\/wp\/v2\/posts"}],"about":[{"href":"https:\/\/www.lejournalduforkane.com\/index.php\/wp-json\/wp\/v2\/types\/post"}],"author":[{"embeddable":true,"href":"https:\/\/www.lejournalduforkane.com\/index.php\/wp-json\/wp\/v2\/users\/2"}],"replies":[{"embeddable":true,"href":"https:\/\/www.lejournalduforkane.com\/index.php\/wp-json\/wp\/v2\/comments?post=21026"}],"version-history":[{"count":1,"href":"https:\/\/www.lejournalduforkane.com\/index.php\/wp-json\/wp\/v2\/posts\/21026\/revisions"}],"predecessor-version":[{"id":21028,"href":"https:\/\/www.lejournalduforkane.com\/index.php\/wp-json\/wp\/v2\/posts\/21026\/revisions\/21028"}],"wp:attachment":[{"href":"https:\/\/www.lejournalduforkane.com\/index.php\/wp-json\/wp\/v2\/media?parent=21026"}],"wp:term":[{"taxonomy":"category","embeddable":true,"href":"https:\/\/www.lejournalduforkane.com\/index.php\/wp-json\/wp\/v2\/categories?post=21026"},{"taxonomy":"post_tag","embeddable":true,"href":"https:\/\/www.lejournalduforkane.com\/index.php\/wp-json\/wp\/v2\/tags?post=21026"}],"curies":[{"name":"wp","href":"https:\/\/api.w.org\/{rel}","templated":true}]}}