
{"id":21037,"date":"2018-07-26T11:45:51","date_gmt":"2018-07-26T11:45:51","guid":{"rendered":"https:\/\/www.lejournalduforkane.com\/?p=21037"},"modified":"2018-07-26T11:45:51","modified_gmt":"2018-07-26T11:45:51","slug":"israel-defend-daesh-abbat-un-bombardier-syrien-qui-attaquait-les-positions-des-terroristes-salafistes","status":"publish","type":"post","link":"https:\/\/www.lejournalduforkane.com\/index.php\/israel-defend-daesh-abbat-un-bombardier-syrien-qui-attaquait-les-positions-des-terroristes-salafistes\/","title":{"rendered":"Isra\u00ebl d\u00e9fend Daesh &#038; abbat un bombardier syrien qui attaquait les positions des terroristes salafistes"},"content":{"rendered":"<p><!--more--><\/p>\n<p>Isra\u00ebl d\u00e9fend Daesh &#038; abbat un bombardier syrien qui attaquait les positions des terroristes salafistes dans le sud de la Syrie pr\u00e8s du Golan<\/p>\n<p>Au sol, Daesh fait une vid\u00e9o \u00e0 cot\u00e9 du corps du pilote martyr pour se \u00ab\u00a0vanter\u00a0\u00bb de \u00ab\u00a0l&rsquo;exploit\u00a0\u00bb.<\/p>\n<p>La chaine sioniste i24 est la premi\u00e8re chaine \u00e0 avoir l&rsquo;exclusivit\u00e9 de diffuser cette vid\u00e9o&#8230;<\/p>\n<p><iframe loading=\"lazy\" width=\"620\" height=\"405\" src=\"\/\/rutube.ru\/play\/embed\/11276360\" frameborder=\"0\" webkitAllowFullScreen mozallowfullscreen allowfullscreen><\/iframe><\/p>\n","protected":false},"excerpt":{"rendered":"Isra\u00ebl d\u00e9fend Daesh & abbat un bombardier syrien qui attaquait les positions des terroristes salafistes dans le sud de la Syrie pr\u00e8s du Golan Au sol, Daesh fait une vid\u00e9o","protected":false},"author":2,"featured_media":0,"comment_status":"closed","ping_status":"open","sticky":false,"template":"","format":"standard","meta":[],"categories":[49],"tags":[],"_links":{"self":[{"href":"https:\/\/www.lejournalduforkane.com\/index.php\/wp-json\/wp\/v2\/posts\/21037"}],"collection":[{"href":"https:\/\/www.lejournalduforkane.com\/index.php\/wp-json\/wp\/v2\/posts"}],"about":[{"href":"https:\/\/www.lejournalduforkane.com\/index.php\/wp-json\/wp\/v2\/types\/post"}],"author":[{"embeddable":true,"href":"https:\/\/www.lejournalduforkane.com\/index.php\/wp-json\/wp\/v2\/users\/2"}],"replies":[{"embeddable":true,"href":"https:\/\/www.lejournalduforkane.com\/index.php\/wp-json\/wp\/v2\/comments?post=21037"}],"version-history":[{"count":1,"href":"https:\/\/www.lejournalduforkane.com\/index.php\/wp-json\/wp\/v2\/posts\/21037\/revisions"}],"predecessor-version":[{"id":21039,"href":"https:\/\/www.lejournalduforkane.com\/index.php\/wp-json\/wp\/v2\/posts\/21037\/revisions\/21039"}],"wp:attachment":[{"href":"https:\/\/www.lejournalduforkane.com\/index.php\/wp-json\/wp\/v2\/media?parent=21037"}],"wp:term":[{"taxonomy":"category","embeddable":true,"href":"https:\/\/www.lejournalduforkane.com\/index.php\/wp-json\/wp\/v2\/categories?post=21037"},{"taxonomy":"post_tag","embeddable":true,"href":"https:\/\/www.lejournalduforkane.com\/index.php\/wp-json\/wp\/v2\/tags?post=21037"}],"curies":[{"name":"wp","href":"https:\/\/api.w.org\/{rel}","templated":true}]}}