
{"id":21040,"date":"2018-07-26T11:52:45","date_gmt":"2018-07-26T11:52:45","guid":{"rendered":"https:\/\/www.lejournalduforkane.com\/?p=21040"},"modified":"2018-07-26T11:52:45","modified_gmt":"2018-07-26T11:52:45","slug":"les-casques-blancs-devoiles","status":"publish","type":"post","link":"https:\/\/www.lejournalduforkane.com\/index.php\/les-casques-blancs-devoiles\/","title":{"rendered":"Les Casques blancs d\u00e9voil\u00e9s"},"content":{"rendered":"<p><!--more--><br \/>\nLes Casques blancs d\u00e9voil\u00e9s<\/p>\n<p>Les t\u00e9moignages de Syriens, lib\u00e9r\u00e9s d&rsquo;ann\u00e9es d&rsquo;occupation terroriste \u00e0 Alep ont dit que les Casques blancs n&rsquo;ont servit qu&rsquo;\u00e0 sauver des terroristes, ils n&rsquo;ont jamais sauv\u00e9 de civils<\/p>\n<p>Regardez les voix non censur\u00e9es des Syriens<\/p>\n<p><iframe loading=\"lazy\" width=\"620\" height=\"405\" src=\"\/\/rutube.ru\/play\/embed\/11276379\" frameborder=\"0\" webkitAllowFullScreen mozallowfullscreen allowfullscreen><\/iframe><\/p>\n","protected":false},"excerpt":{"rendered":"Les Casques blancs d\u00e9voil\u00e9s Les t\u00e9moignages de Syriens, lib\u00e9r\u00e9s d'ann\u00e9es d'occupation terroriste \u00e0 Alep ont dit que les Casques blancs n'ont servit qu'\u00e0 sauver des terroristes, ils n'ont jamais sauv\u00e9","protected":false},"author":2,"featured_media":0,"comment_status":"closed","ping_status":"open","sticky":false,"template":"","format":"standard","meta":[],"categories":[49],"tags":[],"_links":{"self":[{"href":"https:\/\/www.lejournalduforkane.com\/index.php\/wp-json\/wp\/v2\/posts\/21040"}],"collection":[{"href":"https:\/\/www.lejournalduforkane.com\/index.php\/wp-json\/wp\/v2\/posts"}],"about":[{"href":"https:\/\/www.lejournalduforkane.com\/index.php\/wp-json\/wp\/v2\/types\/post"}],"author":[{"embeddable":true,"href":"https:\/\/www.lejournalduforkane.com\/index.php\/wp-json\/wp\/v2\/users\/2"}],"replies":[{"embeddable":true,"href":"https:\/\/www.lejournalduforkane.com\/index.php\/wp-json\/wp\/v2\/comments?post=21040"}],"version-history":[{"count":1,"href":"https:\/\/www.lejournalduforkane.com\/index.php\/wp-json\/wp\/v2\/posts\/21040\/revisions"}],"predecessor-version":[{"id":21042,"href":"https:\/\/www.lejournalduforkane.com\/index.php\/wp-json\/wp\/v2\/posts\/21040\/revisions\/21042"}],"wp:attachment":[{"href":"https:\/\/www.lejournalduforkane.com\/index.php\/wp-json\/wp\/v2\/media?parent=21040"}],"wp:term":[{"taxonomy":"category","embeddable":true,"href":"https:\/\/www.lejournalduforkane.com\/index.php\/wp-json\/wp\/v2\/categories?post=21040"},{"taxonomy":"post_tag","embeddable":true,"href":"https:\/\/www.lejournalduforkane.com\/index.php\/wp-json\/wp\/v2\/tags?post=21040"}],"curies":[{"name":"wp","href":"https:\/\/api.w.org\/{rel}","templated":true}]}}