
{"id":21044,"date":"2018-07-26T12:07:00","date_gmt":"2018-07-26T12:07:00","guid":{"rendered":"https:\/\/www.lejournalduforkane.com\/?p=21044"},"modified":"2018-07-26T12:07:00","modified_gmt":"2018-07-26T12:07:00","slug":"regardez-comment-le-regime-israelien-enferme-les-enfants-palestiniens-dans-des-cages","status":"publish","type":"post","link":"https:\/\/www.lejournalduforkane.com\/index.php\/regardez-comment-le-regime-israelien-enferme-les-enfants-palestiniens-dans-des-cages\/","title":{"rendered":"Regardez comment le r\u00e9gime isra\u00e9lien enferme les enfants palestiniens dans des cages"},"content":{"rendered":"<p><!--more--><\/p>\n<p>Regardez comment le r\u00e9gime isra\u00e9lien enferme les enfants palestiniens dans des cages<\/p>\n<p>Pourquoi les soi-disant d\u00e9fenseurs des droits de l\u2019homme se taisent sur le sort des Palestiniens ?<\/p>\n<p><iframe loading=\"lazy\" width=\"620\" height=\"405\" src=\"\/\/rutube.ru\/play\/embed\/11276441\" frameborder=\"0\" webkitAllowFullScreen mozallowfullscreen allowfullscreen><\/iframe><\/p>\n","protected":false},"excerpt":{"rendered":"Regardez comment le r\u00e9gime isra\u00e9lien enferme les enfants palestiniens dans des cages Pourquoi les soi-disant d\u00e9fenseurs des droits de l\u2019homme se taisent sur le sort des Palestiniens ?","protected":false},"author":2,"featured_media":0,"comment_status":"closed","ping_status":"open","sticky":false,"template":"","format":"standard","meta":[],"categories":[49],"tags":[],"_links":{"self":[{"href":"https:\/\/www.lejournalduforkane.com\/index.php\/wp-json\/wp\/v2\/posts\/21044"}],"collection":[{"href":"https:\/\/www.lejournalduforkane.com\/index.php\/wp-json\/wp\/v2\/posts"}],"about":[{"href":"https:\/\/www.lejournalduforkane.com\/index.php\/wp-json\/wp\/v2\/types\/post"}],"author":[{"embeddable":true,"href":"https:\/\/www.lejournalduforkane.com\/index.php\/wp-json\/wp\/v2\/users\/2"}],"replies":[{"embeddable":true,"href":"https:\/\/www.lejournalduforkane.com\/index.php\/wp-json\/wp\/v2\/comments?post=21044"}],"version-history":[{"count":1,"href":"https:\/\/www.lejournalduforkane.com\/index.php\/wp-json\/wp\/v2\/posts\/21044\/revisions"}],"predecessor-version":[{"id":21046,"href":"https:\/\/www.lejournalduforkane.com\/index.php\/wp-json\/wp\/v2\/posts\/21044\/revisions\/21046"}],"wp:attachment":[{"href":"https:\/\/www.lejournalduforkane.com\/index.php\/wp-json\/wp\/v2\/media?parent=21044"}],"wp:term":[{"taxonomy":"category","embeddable":true,"href":"https:\/\/www.lejournalduforkane.com\/index.php\/wp-json\/wp\/v2\/categories?post=21044"},{"taxonomy":"post_tag","embeddable":true,"href":"https:\/\/www.lejournalduforkane.com\/index.php\/wp-json\/wp\/v2\/tags?post=21044"}],"curies":[{"name":"wp","href":"https:\/\/api.w.org\/{rel}","templated":true}]}}