
{"id":21064,"date":"2018-07-29T18:43:11","date_gmt":"2018-07-29T18:43:11","guid":{"rendered":"https:\/\/www.lejournalduforkane.com\/?p=21064"},"modified":"2018-07-29T18:43:11","modified_gmt":"2018-07-29T18:43:11","slug":"video-de-lattaque-des-forces-israeliennes-contre-les-fideles-palestiniens-au-complexe-de-la-mosquee-dal-aqsa","status":"publish","type":"post","link":"https:\/\/www.lejournalduforkane.com\/index.php\/video-de-lattaque-des-forces-israeliennes-contre-les-fideles-palestiniens-au-complexe-de-la-mosquee-dal-aqsa\/","title":{"rendered":"Vid\u00e9o de l&rsquo;attaque des forces isra\u00e9liennes contre les fid\u00e8les palestiniens au complexe de la mosqu\u00e9e d&rsquo;Al-Aqsa"},"content":{"rendered":"<p><!--more--><\/p>\n<p>Vid\u00e9o de l&rsquo;attaque des forces isra\u00e9liennes contre les fid\u00e8les palestiniens au complexe de la mosqu\u00e9e d&rsquo;Al-Aqsa hier.<\/p>\n<p>Le complexe a \u00e9t\u00e9 compl\u00e8tement et violemment vid\u00e9 des fid\u00e8les, tandis qu&rsquo;un groupe d&rsquo;entre eux est toujours d\u00e9tenu \u00e0 l&rsquo;int\u00e9rieur de la mosqu\u00e9e.<\/p>\n<p><iframe loading=\"lazy\" width=\"620\" height=\"405\" src=\"\/\/rutube.ru\/play\/embed\/11283212\" frameborder=\"0\" webkitAllowFullScreen mozallowfullscreen allowfullscreen><\/iframe><\/p>\n","protected":false},"excerpt":{"rendered":"Vid\u00e9o de l'attaque des forces isra\u00e9liennes contre les fid\u00e8les palestiniens au complexe de la mosqu\u00e9e d'Al-Aqsa hier. Le complexe a \u00e9t\u00e9 compl\u00e8tement et violemment vid\u00e9 des fid\u00e8les, tandis qu'un groupe","protected":false},"author":2,"featured_media":0,"comment_status":"closed","ping_status":"open","sticky":false,"template":"","format":"standard","meta":[],"categories":[49],"tags":[],"_links":{"self":[{"href":"https:\/\/www.lejournalduforkane.com\/index.php\/wp-json\/wp\/v2\/posts\/21064"}],"collection":[{"href":"https:\/\/www.lejournalduforkane.com\/index.php\/wp-json\/wp\/v2\/posts"}],"about":[{"href":"https:\/\/www.lejournalduforkane.com\/index.php\/wp-json\/wp\/v2\/types\/post"}],"author":[{"embeddable":true,"href":"https:\/\/www.lejournalduforkane.com\/index.php\/wp-json\/wp\/v2\/users\/2"}],"replies":[{"embeddable":true,"href":"https:\/\/www.lejournalduforkane.com\/index.php\/wp-json\/wp\/v2\/comments?post=21064"}],"version-history":[{"count":1,"href":"https:\/\/www.lejournalduforkane.com\/index.php\/wp-json\/wp\/v2\/posts\/21064\/revisions"}],"predecessor-version":[{"id":21066,"href":"https:\/\/www.lejournalduforkane.com\/index.php\/wp-json\/wp\/v2\/posts\/21064\/revisions\/21066"}],"wp:attachment":[{"href":"https:\/\/www.lejournalduforkane.com\/index.php\/wp-json\/wp\/v2\/media?parent=21064"}],"wp:term":[{"taxonomy":"category","embeddable":true,"href":"https:\/\/www.lejournalduforkane.com\/index.php\/wp-json\/wp\/v2\/categories?post=21064"},{"taxonomy":"post_tag","embeddable":true,"href":"https:\/\/www.lejournalduforkane.com\/index.php\/wp-json\/wp\/v2\/tags?post=21064"}],"curies":[{"name":"wp","href":"https:\/\/api.w.org\/{rel}","templated":true}]}}